{"id":989,"date":"2022-10-28T09:38:22","date_gmt":"2022-10-28T07:38:22","guid":{"rendered":"https:\/\/ambbudapest.esteri.it\/news\/dall_ambasciata\/2022\/10\/mittelcinemafest2022-5-16-novembre\/"},"modified":"2022-10-28T09:38:22","modified_gmt":"2022-10-28T07:38:22","slug":"mittelcinemafest2022-5-16-novembre","status":"publish","type":"post","link":"https:\/\/ambbudapest.esteri.it\/it\/news\/dall_ambasciata\/2022\/10\/mittelcinemafest2022-5-16-novembre\/","title":{"rendered":"MittelCinemaFest2022 &#8211; 5-16 novembre 2022"},"content":{"rendered":"<p style=\"text-align: justify;\">Tra il 5 e il 16 novembre 2022 si svolger\u00e0 a Budapest il MittelCinemaFest2022, la XX edizione del festival del cinema italiano contemporaneo in Centro-Europa, il quale poi si sposter\u00e0 successivamente a Bratislava e avr\u00e0 come tappa finale Praga.<\/p>\n<p style=\"text-align: justify;\">Promosso da Cinecitt\u00e0 e dagli Istituti Italiani di Cultura di Budapest, Bratislava e Praga, il festival \u00e8 cresciuto negli anni sino a diventare uno dei pi\u00f9 importanti eventi per la diffusione e promozione del cinema italiano nella mitteleuropa. La collaborazione con Cinecitt\u00e0 ha permesso agli Istituti di Cultura di presentare pellicole attuali che hanno partecipato ai pi\u00f9 famosi e recenti festival internazionali. Nel corso di questi vent\u2019anni, la formula itinerante del MittleCinemaFest ha portato nel cuore dell\u2019Europa una selezione curata della migliore cinematografia italiana.<\/p>\n<p style=\"text-align: justify;\">Quest\u2019anno il festival si aprir\u00e0 con Le otto montagne, che ha vinto il premio della giuria al Festival di Cannes. Sar\u00e0 seguito da lungometraggi di registi di grande rilievo come Il colibr\u00ec di Francesca Archibugi e Nostalgia di Mario Martone, entrambi interpretati da Pierfrancesco Favino, Il signore delle formiche di Gianni Amelio, oppure Siccit\u00e0 di Paolo Virz\u00ec. Affiancato a questi pilastri possiamo trovare interessanti opere prime prodotte da registi e autori emergenti, quali Amanda, Margini, Primadonna e il documentario In Viaggio dell\u2019affermato Gianfranco Rosi. Seconda opera invece sia per Roberto De Paolis e Chiara Bellosi, che presentano rispettivamente Calcinculo e Princess. Conclude infine Il ritorno di Stefano Chiantini, che vede il debutto della cantante italiana Emma Marrone come protagonista.<\/p>\n<p style=\"text-align: justify;\">Vi aspettiamo al MittelCinemaFest presso i cinema Puskin e Tab\u00e1n, per condividere insieme la proiezione del meglio che il cinema italiano sa offrire.<\/p>\n<p><a href=\"https:\/\/iicbudapest.esteri.it\/iic_budapest\/resource\/doc\/2022\/10\/mittelcinemafest2022_katalogus_web_oldalparok.pdf\">Catalogo<\/a><\/p>\n","protected":false},"excerpt":{"rendered":"Tra il 5 e il 16 novembre 2022 si svolger\u00e0 a Budapest il MittelCinemaFest2022, la XX edizione del festival del cinema italiano contemporaneo in Centro-Europa, il quale poi si sposter\u00e0 successivamente a Bratislava e avr\u00e0 come tappa finale Praga. Promosso da Cinecitt\u00e0 e dagli Istituti Italiani di Cultura di Budapest, Bratislava e Praga, il festival [&hellip;]","protected":false},"author":1,"featured_media":0,"comment_status":"","ping_status":"","sticky":false,"template":"","format":"standard","meta":{"footnotes":""},"tags":[],"class_list":["post-989","post","type-post","status-publish","format-standard","hentry"],"_links":{"self":[{"href":"https:\/\/ambbudapest.esteri.it\/it\/wp-json\/wp\/v2\/posts\/989","targetHints":{"allow":["GET"]}}],"collection":[{"href":"https:\/\/ambbudapest.esteri.it\/it\/wp-json\/wp\/v2\/posts"}],"about":[{"href":"https:\/\/ambbudapest.esteri.it\/it\/wp-json\/wp\/v2\/types\/post"}],"author":[{"embeddable":true,"href":"https:\/\/ambbudapest.esteri.it\/it\/wp-json\/wp\/v2\/users\/1"}],"replies":[{"embeddable":true,"href":"https:\/\/ambbudapest.esteri.it\/it\/wp-json\/wp\/v2\/comments?post=989"}],"version-history":[{"count":0,"href":"https:\/\/ambbudapest.esteri.it\/it\/wp-json\/wp\/v2\/posts\/989\/revisions"}],"wp:attachment":[{"href":"https:\/\/ambbudapest.esteri.it\/it\/wp-json\/wp\/v2\/media?parent=989"}],"wp:term":[{"taxonomy":"post_tag","embeddable":true,"href":"https:\/\/ambbudapest.esteri.it\/it\/wp-json\/wp\/v2\/tags?post=989"}],"curies":[{"name":"wp","href":"https:\/\/api.w.org\/{rel}","templated":true}]}}