{"id":5060,"date":"2026-09-03T10:19:20","date_gmt":"2026-09-03T08:19:20","guid":{"rendered":"https:\/\/ambbudapest.esteri.it\/?p=5060"},"modified":"2026-09-03T10:19:20","modified_gmt":"2026-09-03T08:19:20","slug":"lambasciatore-scognamiglio-ha-partecipato-alle-celebrazioni-del-10mo-anniversario-dellattivazione-della-nato-force-integration-unit-hungary","status":"publish","type":"post","link":"https:\/\/ambbudapest.esteri.it\/it\/news\/dall_ambasciata\/2026\/09\/lambasciatore-scognamiglio-ha-partecipato-alle-celebrazioni-del-10mo-anniversario-dellattivazione-della-nato-force-integration-unit-hungary\/","title":{"rendered":"L\u2019Ambasciatore Scognamiglio ha partecipato alle celebrazioni del 10mo anniversario dell\u2019attivazione della NATO force Integration Unit Hungary"},"content":{"rendered":"<p>L\u2019Ambasciatore Scognamiglio si \u00e8 recato a Sz\u00e9kesfeh\u00e8rv\u00e0r per partecipare alle celebrazioni del 10.mo anniversario dell\u2019attivazione della NATO force Integration Unit Hungary, alla presenza del Segretario di stato alla Difesa, Attila Elek Varga.<\/p>\n<p>Dal 21 settembre la Nato FIUH avr\u00e0 un Vice Comandante italiano.<\/p>\n","protected":false},"excerpt":{"rendered":"L\u2019Ambasciatore Scognamiglio si \u00e8 recato a Sz\u00e9kesfeh\u00e8rv\u00e0r per partecipare alle celebrazioni del 10.mo anniversario dell\u2019attivazione della NATO force Integration Unit Hungary, alla presenza del Segretario di stato alla Difesa, Attila Elek Varga. Dal 21 settembre la Nato FIUH avr\u00e0 un Vice Comandante italiano.","protected":false},"author":4,"featured_media":5063,"comment_status":"closed","ping_status":"closed","sticky":false,"template":"","format":"standard","meta":{"footnotes":""},"tags":[],"class_list":["post-5060","post","type-post","status-publish","format-standard","has-post-thumbnail","hentry"],"_links":{"self":[{"href":"https:\/\/ambbudapest.esteri.it\/it\/wp-json\/wp\/v2\/posts\/5060","targetHints":{"allow":["GET"]}}],"collection":[{"href":"https:\/\/ambbudapest.esteri.it\/it\/wp-json\/wp\/v2\/posts"}],"about":[{"href":"https:\/\/ambbudapest.esteri.it\/it\/wp-json\/wp\/v2\/types\/post"}],"author":[{"embeddable":true,"href":"https:\/\/ambbudapest.esteri.it\/it\/wp-json\/wp\/v2\/users\/4"}],"replies":[{"embeddable":true,"href":"https:\/\/ambbudapest.esteri.it\/it\/wp-json\/wp\/v2\/comments?post=5060"}],"version-history":[{"count":1,"href":"https:\/\/ambbudapest.esteri.it\/it\/wp-json\/wp\/v2\/posts\/5060\/revisions"}],"predecessor-version":[{"id":5071,"href":"https:\/\/ambbudapest.esteri.it\/it\/wp-json\/wp\/v2\/posts\/5060\/revisions\/5071"}],"wp:featuredmedia":[{"embeddable":true,"href":"https:\/\/ambbudapest.esteri.it\/it\/wp-json\/wp\/v2\/media\/5063"}],"wp:attachment":[{"href":"https:\/\/ambbudapest.esteri.it\/it\/wp-json\/wp\/v2\/media?parent=5060"}],"wp:term":[{"taxonomy":"post_tag","embeddable":true,"href":"https:\/\/ambbudapest.esteri.it\/it\/wp-json\/wp\/v2\/tags?post=5060"}],"curies":[{"name":"wp","href":"https:\/\/api.w.org\/{rel}","templated":true}]}}