{"id":2477,"date":"2024-08-30T13:54:03","date_gmt":"2024-08-30T11:54:03","guid":{"rendered":"https:\/\/ambbudapest.esteri.it\/?p=2477"},"modified":"2024-08-30T13:57:43","modified_gmt":"2024-08-30T11:57:43","slug":"il-governo-italiano-ha-deciso-di-avviare-la-cessione-dei-beni-e-delle-attivita-aziendali-dellilva-s-p-a-ilva-and-acciaierie-ditalia-s-p-a-adi","status":"publish","type":"post","link":"https:\/\/ambbudapest.esteri.it\/it\/news\/dall_ambasciata\/2024\/08\/il-governo-italiano-ha-deciso-di-avviare-la-cessione-dei-beni-e-delle-attivita-aziendali-dellilva-s-p-a-ilva-and-acciaierie-ditalia-s-p-a-adi\/","title":{"rendered":"Il Governo italiano ha deciso di avviare la cessione dei beni e delle attivit\u00e0 aziendali dell\u2019ILVA S.p.A. (&#8220;ILVA&#8221;) e Acciaierie d&#8217;Italia S.p.A. (&#8220;ADI&#8221;)"},"content":{"rendered":"<p>Nell\u2019ambito dell\u2019azione di internazionalizzazione delle attivit\u00e0 produttive e del valore strategico attribuito all\u2019attrazione di investimenti esteri in Italia, il Governo italiano ha deciso di avviare la cessione dei beni e delle attivit\u00e0 aziendali dell\u2019ILVA S.p.A. (&#8220;ILVA&#8221;) and Acciaierie d&#8217;Italia S.p.A. (&#8220;ADI&#8221;) both admitted to the extraordinary administration procedure in 2015, e di altre societ\u00e0 appartenenti ai rispettivi gruppi siderurgici. ILVA e ADI are companies based in Italy operating in the production, processing and commercialization of steel products through, inter alia, the operation of industrial plants of national strategic interest.<\/p>\n<p>A tale scopo, il Ministero delle Imprese e del Made in Italy ha autorizzato uno specifico bando per esprimere le manifestazioni di interesse. Tra gli obiettivi della procedura di vendita vi sono lo sviluppo della produzione siderurgica in Italia, l&#8217;esecuzione delle misure di tutela ambientale volte alla riduzione delle emissioni di CO2 e l\u2019impegno alla decarbonizzazione dei processi produttivi, in conformit\u00e0 alle prescrizioni della normativa nazionale ed europea. Inoltre, \u00e8 prevista la tutela dei livelli occupazionali, con l&#8217;obiettivo di ridurre significativamente il ricorso agli ammortizzatori sociali, mantenendo un costante dialogo con le parti sociali.<\/p>\n<p>La procedura di cessione mira, inoltre, a prevedere attivit\u00e0 e forme di compensazione a favore delle comunit\u00e0 locali e a preservare la continuit\u00e0 dei complessi aziendali delle Societ\u00e0 in Amministrazione straordinaria, con l&#8217;obiettivo di riportarle rapidamente ai massimi livelli di attivit\u00e0.<\/p>\n<p>Gli avvisi sono disponibili in lingua inglese sui siti https:\/\/www.gruppoilvainas.it e https:\/\/www.gruppoacciaierieditaliainas.it. Le manifestazioni di interesse potranno essere inviate\u00a0<strong>entro il 20 settembre 2024<\/strong>.<\/p>\n<p><a href=\"https:\/\/cdn.fallcoweb.it\/sito_procedura\/pdf\/ilva\/invito_manifestare_interesse_2024_ita.pdf\" target=\"pdf\" rel=\"noopener\">Invito a manifestare interesse per l&#8217;acquisizione dei beni e delle attivit\u00e0 aziendali facenti capo ad ILVA S.p.A. in Amministrazione Straordinaria e Acciaierie d&#8217;Italia .p.a. in Amministrazione Straordinaria e ad altre societ\u00e0 appartenenti ai rispettivi gruppi.<\/a><\/p>\n","protected":false},"excerpt":{"rendered":"Nell\u2019ambito dell\u2019azione di internazionalizzazione delle attivit\u00e0 produttive e del valore strategico attribuito all\u2019attrazione di investimenti esteri in Italia, il Governo italiano ha deciso di avviare la cessione dei beni e delle attivit\u00e0 aziendali dell\u2019ILVA S.p.A. (&#8220;ILVA&#8221;) and Acciaierie d&#8217;Italia S.p.A. (&#8220;ADI&#8221;) both admitted to the extraordinary administration procedure in 2015, e di altre societ\u00e0 appartenenti [&hellip;]","protected":false},"author":4,"featured_media":0,"comment_status":"closed","ping_status":"closed","sticky":false,"template":"","format":"standard","meta":{"footnotes":""},"tags":[],"class_list":["post-2477","post","type-post","status-publish","format-standard","hentry"],"_links":{"self":[{"href":"https:\/\/ambbudapest.esteri.it\/it\/wp-json\/wp\/v2\/posts\/2477","targetHints":{"allow":["GET"]}}],"collection":[{"href":"https:\/\/ambbudapest.esteri.it\/it\/wp-json\/wp\/v2\/posts"}],"about":[{"href":"https:\/\/ambbudapest.esteri.it\/it\/wp-json\/wp\/v2\/types\/post"}],"author":[{"embeddable":true,"href":"https:\/\/ambbudapest.esteri.it\/it\/wp-json\/wp\/v2\/users\/4"}],"replies":[{"embeddable":true,"href":"https:\/\/ambbudapest.esteri.it\/it\/wp-json\/wp\/v2\/comments?post=2477"}],"version-history":[{"count":2,"href":"https:\/\/ambbudapest.esteri.it\/it\/wp-json\/wp\/v2\/posts\/2477\/revisions"}],"predecessor-version":[{"id":2483,"href":"https:\/\/ambbudapest.esteri.it\/it\/wp-json\/wp\/v2\/posts\/2477\/revisions\/2483"}],"wp:attachment":[{"href":"https:\/\/ambbudapest.esteri.it\/it\/wp-json\/wp\/v2\/media?parent=2477"}],"wp:term":[{"taxonomy":"post_tag","embeddable":true,"href":"https:\/\/ambbudapest.esteri.it\/it\/wp-json\/wp\/v2\/tags?post=2477"}],"curies":[{"name":"wp","href":"https:\/\/api.w.org\/{rel}","templated":true}]}}