{"id":1979,"date":"2013-04-11T09:18:20","date_gmt":"2013-04-11T07:18:20","guid":{"rendered":"https:\/\/ambbudapest.esteri.it\/news\/dall_ambasciata\/2013\/04\/marzo-2013\/"},"modified":"2013-04-11T09:18:20","modified_gmt":"2013-04-11T07:18:20","slug":"marzo-2013","status":"publish","type":"post","link":"https:\/\/ambbudapest.esteri.it\/it\/news\/dall_ambasciata\/2013\/04\/marzo-2013\/","title":{"rendered":"Marzo 2013"},"content":{"rendered":"<p><DIV style=\"TEXT-ALIGN: center\" class=\"centeredImg\"><DIV style=\"TEXT-ALIGN: center\" class=\"centeredImg\"><STRONG>L&#8217;Ambasciata informa<\/STRONG><\/DIV><br \/>\n<DIV style=\"TEXT-ALIGN: center\" class=\"centeredImg\"><A href=\"#\"><STRONG>Attuale<\/STRONG><\/A><STRONG> <\/STRONG>&#8211; <A href=\"asciata_Budapest\/Menu\/Ambasciata\/News\/Ambasciata Informa Novembre 2013.html\">Novembre 2013<\/A> &#8211; <A title=\"Ottobre 2013\" href=\"asciata_Budapest\/Menu\/Ambasciata\/News\/Ambasciata Informa Ottobre 2013.html\">Ottobre 2013<\/A>\u00a0&#8211; <A title=\"Settembre 2013\" href=\"asciata_Budapest\/Menu\/Ambasciata\/News\/Ambasciata Informa Settembre 2013.html\">Settembre 2013<\/A> &#8211; <A title=\"Agosto 2013\" href=\"asciata_Budapest\/Menu\/Ambasciata\/News\/Ambasciata Informa Agosto 2013.html\">Agosto 2013<\/A> &#8211;\u00a0<A title=\"Giugno 2013\" href=\"asciata_Budapest\/Menu\/Ambasciata\/News\/Ambasciata Informa Giugno 2013.html\">Giugno 2013<\/A> &#8211;\u00a0 <A title=\"Maggio 2013\" href=\"asciata_Budapest\/Menu\/Ambasciata\/News\/Ambasciata Informa maggio 2013.html\">Maggio 2013<\/A> &#8211; <A title=\"Aprile 2013\" href=\"asciata_Budapest\/Menu\/Ambasciata\/News\/Ambasciata Informa Aprile 2013.html\">Aprile 2013<\/A> &#8211; <STRONG>Marzo 2013<\/STRONG> &#8211; <A title=\"Febbraio 2013\" href=\"asciata_Budapest\/Menu\/Ambasciata\/News\/Febbraio 2013.html\">Febbraio 2013<\/A> &#8211; <A title=\"Gennaio 2013\" href=\"asciata_Budapest\/Menu\/Ambasciata\/News\/Gennaio 2013.html\">Gennaio 2013<\/A><BR><BR><STRONG>2012 <BR><\/STRONG><A title=\"Dicembre 2012\" href=\"asciata_Budapest\/Menu\/Ambasciata\/News\/Dicembre 2012.html\">Dicembre 2012<\/A> &#8211; <A title=\"Novembre 2012\" href=\"asciata_Budapest\/Menu\/Ambasciata\/News\/Ambasciata informa novembre 2012.html\">Novembre 2012<\/A> &#8211;<A title=\"Ottobre 2012\" href=\"asciata_Budapest\/Menu\/Ambasciata\/News\/Ambasciata informa ottobre 2012.html\">Ottobre 2012<\/A> &#8211; <A title=\"Settembre 2012\" href=\"asciata_Budapest\/Menu\/Ambasciata\/News\/Ambasciata Informa_settembre 2012.html\">Settembre 2012<\/A> &#8211; <A title=\"Agosto 2012\" href=\"asciata_Budapest\/Menu\/Ambasciata\/News\/Ambasciata informa agosto 2012.html\">Agosto 2012<\/A>&#8211; <A title=\"Luglio 2012\" href=\"asciata_Budapest\/Menu\/Ambasciata\/News\/Ambasciata informa luglio 2012.html\">Luglio 2012<\/A> &#8211; <A title=\"Giugno 2012\" href=\"asciata_Budapest\/Menu\/Ambasciata\/News\/Ambasciata informa giugno 2012.html\">Giugno 2012<\/A> &#8211; <A title=\"Maggio 2012\" href=\"asciata_Budapest\/Menu\/Ambasciata\/News\/Ambasciata informa maggio 2012.html\">Maggio 2012<\/A><\/DIV><\/DIV><H3>L&#8217;Ambasciata informa<\/H3><br \/>\n<P><STRONG>MARZO 2013<BR><BR><\/STRONG>28 febbraio-03 marzo: ENIT partecipa con un suo stand alla Fiera del Turismo UTAZ\u00c1S che, inaugurata il 28 febbraio, rimane aperta fino al 03 marzo. La fiera sar\u00e1 aperta tutti i giorni dalle 10.00 alle 18.00.<BR><BR>11 marzo: Presso la Galleria Xenia dell\u2019Istituto Italiano di Cultura si apre la mostra fotografica di Vasco Ascolini \u201cL\u2019ossessione del nero. Mantova-Novellara\u201d. L\u2019esposizione rimarra\u2019 aperta fino al 30 marzo.<BR><BR>12 marzo: Incontro con il fotografo Vasco Ascolini presso Mai Man\u00f3 H\u00e1z (1065 Budapest-Nagymez\u0151 u. 20)<BR><BR>18 marzo: Presso la sala Giuseppe Verdi dell\u2019Istituto Italiano di Cultura inaugurazione della mostra: \u201cOmaggio a Giuseppe Verdi\u201d- Bozzetti e scene del Teatro dell\u2019Opera di Roma. La mostra rimarr\u00e1 aperta fino al 18 aprile.<BR><BR>19 marzo: missione dell\u2019Amb. Accili nella citt\u00e1 di P\u00e9cs, con la partecipazione degli altri attori del Sistema Italia (Agenzia-ICE, Istituto Italiano di Cultura). L\u2019Ambasciatore visita il Liceo Kod\u00e1ly Zolt\u00e1n, dove \u00e9 attiva una sezione bilingue ungherese e italiana, e il Dipartimento di Italiano della Facolt\u00e0 di Lingue dell\u2019Universit\u00e0 di P\u00e9cs. Incontra il Sindaco e il Vice Sindaco, gli imprenditori italiani residenti nella regione e il Presidente della Camera di Commercio regionale.<BR><BR>25 marzo: Presso la sala Giuseppe Verdi dell\u2019Istituto Italiano di Cultura, spettacolo di opera e teatro: \u201cIl Trovatore\u201d.<BR><BR>22 marzo-07 aprile: Budapest Spring Festival 2013.<BR>L\u2019Italia \u00e9 presente al Festival di Primavera di Budapest con una serie di concerti di altissimo prestigio, che si terranno al MUPA- B\u00e9la Bart\u00f3k National Concert Hall:<BR>&#8211; 22 marzo: \u201cIl Giardino Armonico\u201d\u00a0 rappresenta \u201cIl trionfo del Tempo e del Disinganno\u201d di Handel<BR>&#8211; 25 marzo: il pianista Andrea Lucchesini\u00a0 si esibisce come solista nell\u2019ambito del concerto: \u201cAn Evening with the Hungarian National Philharmonic on the Anniversary of Bart\u00f3k\u2019s Birth\u201d.<BR>&#8211; 27 marzo: Claudio Abbado dirige l\u2019Orchestra Mozart di Bologna: musiche di Beethoven, Haydn e Mozart.<\/P><\/p>\n","protected":false},"excerpt":{"rendered":"L&#8217;Ambasciata informa Attuale &#8211; Novembre 2013 &#8211; Ottobre 2013\u00a0&#8211; Settembre 2013 &#8211; Agosto 2013 &#8211;\u00a0Giugno 2013 &#8211;\u00a0 Maggio 2013 &#8211; Aprile 2013 &#8211; Marzo 2013 &#8211; Febbraio 2013 &#8211; Gennaio 20132012 Dicembre 2012 &#8211; Novembre 2012 &#8211;Ottobre 2012 &#8211; Settembre 2012 &#8211; Agosto 2012&#8211; Luglio 2012 &#8211; Giugno 2012 &#8211; Maggio 2012L&#8217;Ambasciata informa MARZO 201328 [&hellip;]","protected":false},"author":1,"featured_media":0,"comment_status":"","ping_status":"","sticky":false,"template":"","format":"standard","meta":{"footnotes":""},"tags":[],"class_list":["post-1979","post","type-post","status-publish","format-standard","hentry"],"_links":{"self":[{"href":"https:\/\/ambbudapest.esteri.it\/it\/wp-json\/wp\/v2\/posts\/1979","targetHints":{"allow":["GET"]}}],"collection":[{"href":"https:\/\/ambbudapest.esteri.it\/it\/wp-json\/wp\/v2\/posts"}],"about":[{"href":"https:\/\/ambbudapest.esteri.it\/it\/wp-json\/wp\/v2\/types\/post"}],"author":[{"embeddable":true,"href":"https:\/\/ambbudapest.esteri.it\/it\/wp-json\/wp\/v2\/users\/1"}],"replies":[{"embeddable":true,"href":"https:\/\/ambbudapest.esteri.it\/it\/wp-json\/wp\/v2\/comments?post=1979"}],"version-history":[{"count":0,"href":"https:\/\/ambbudapest.esteri.it\/it\/wp-json\/wp\/v2\/posts\/1979\/revisions"}],"wp:attachment":[{"href":"https:\/\/ambbudapest.esteri.it\/it\/wp-json\/wp\/v2\/media?parent=1979"}],"wp:term":[{"taxonomy":"post_tag","embeddable":true,"href":"https:\/\/ambbudapest.esteri.it\/it\/wp-json\/wp\/v2\/tags?post=1979"}],"curies":[{"name":"wp","href":"https:\/\/api.w.org\/{rel}","templated":true}]}}