{"id":1962,"date":"2013-06-11T07:00:12","date_gmt":"2013-06-11T05:00:12","guid":{"rendered":"https:\/\/ambbudapest.esteri.it\/news\/dall_ambasciata\/2013\/06\/ambasciata-informa-maggio-2013\/"},"modified":"2013-06-11T07:00:12","modified_gmt":"2013-06-11T05:00:12","slug":"ambasciata-informa-maggio-2013","status":"publish","type":"post","link":"https:\/\/ambbudapest.esteri.it\/it\/news\/dall_ambasciata\/2013\/06\/ambasciata-informa-maggio-2013\/","title":{"rendered":"Ambasciata Informa maggio 2013"},"content":{"rendered":"<p><DIV style=\"TEXT-ALIGN: center\" class=\"centeredImg\"><STRONG><BR>L&#8217;Ambasciata informa<\/STRONG><\/DIV><DIV style=\"TEXT-ALIGN: center\" class=\"centeredImg\"><A href=\"#\"><STRONG>Attuale<\/STRONG><\/A><STRONG>\u00a0<\/STRONG>&#8211; <A title=\"Dicembre 2013\" href=\"asciata_Budapest\/Menu\/Ambasciata\/News\/Ambasciata Informa Dicembre 2013.html\">Dicembre 2013<\/A>\u00a0&#8211; <A href=\"asciata_Budapest\/Menu\/Ambasciata\/News\/Ambasciata Informa Novembre 2013.html\">Novembre 2013<\/A> &#8211; <A title=\"Ottobre 2013\" href=\"asciata_Budapest\/Menu\/Ambasciata\/News\/Ambasciata Informa Ottobre 2013.html\">Ottobre 2013<\/A>\u00a0&#8211; <A title=\"Settembre 2013\" href=\"asciata_Budapest\/Menu\/Ambasciata\/News\/Ambasciata Informa Settembre 2013.html\">Settembre 2013<\/A> &#8211; <A title=\"Agosto 2013\" href=\"asciata_Budapest\/Menu\/Ambasciata\/News\/Ambasciata Informa Agosto 2013.html\">Agosto 2013<\/A> &#8211; <A title=\"Giugno 2013\" href=\"asciata_Budapest\/Menu\/Ambasciata\/News\/Ambasciata Informa Giugno 2013.html\">Giugno 2013<\/A> &#8211;\u00a0 <STRONG>Maggio 2013<\/STRONG> &#8211; <A title=\"Aprile 2013\" href=\"asciata_Budapest\/Menu\/Ambasciata\/News\/Ambasciata Informa Aprile 2013.html\">Aprile 2013<\/A> &#8211; <A title=\"Marzo 2013\" href=\"asciata_Budapest\/Menu\/Ambasciata\/News\/Marzo 2013.html\">Marzo 2013<\/A> &#8211; <A title=\"Febbraio 2013\" href=\"asciata_Budapest\/Menu\/Ambasciata\/News\/Febbraio 2013.html\">Febbraio 2013<\/A> &#8211; <A title=\"Gennaio 2013\" href=\"asciata_Budapest\/Menu\/Ambasciata\/News\/Gennaio 2013.html\">Gennaio 2013<\/A><BR><STRONG><BR>2012 <BR><\/STRONG><A title=\"Dicembre 2012\" href=\"asciata_Budapest\/Menu\/Ambasciata\/News\/Dicembre 2012.html\">Dicembre 2012<\/A> &#8211; <A title=\"Novembre 2012\" href=\"asciata_Budapest\/Menu\/Ambasciata\/News\/Ambasciata informa novembre 2012.html\">Novembre 2012<\/A><STRONG> &#8211;<\/STRONG><A title=\"Ottobre 2012\" href=\"asciata_Budapest\/Menu\/Ambasciata\/News\/Ambasciata informa ottobre 2012.html\">Ottobre 2012<\/A> &#8211; <A title=\"Settembre 2012\" href=\"asciata_Budapest\/Menu\/Ambasciata\/News\/Ambasciata Informa_settembre 2012.html\">Settembre 2012<\/A> &#8211; <A title=\"Agosto 2012\" href=\"asciata_Budapest\/Menu\/Ambasciata\/News\/Ambasciata informa agosto 2012.html\">Agosto 2012<\/A>&#8211; <A title=\"Luglio 2012\" href=\"asciata_Budapest\/Menu\/Ambasciata\/News\/Ambasciata informa luglio 2012.html\">Luglio 2012<\/A> &#8211; <A title=\"Giugno 2012\" href=\"asciata_Budapest\/Menu\/Ambasciata\/News\/Ambasciata informa giugno 2012.html\">Giugno 2012<\/A> &#8211; <A title=\"Maggio 2012\" href=\"asciata_Budapest\/Menu\/Ambasciata\/News\/Ambasciata informa maggio 2012.html\">Maggio 2012<\/A><\/DIV><H3>L&#8217;Ambasciata informa<\/H3><br \/>\n<P><STRONG>MAGGIO 2013<\/STRONG><BR><BR>19-22 maggio: L\u2019Ufficio ICE di Budapest organizza una missione di operatori ungheresi alla Fiera Tuttofood, in collaborazione con Fiera Milano.<BR><BR>29-31 maggio: Presso l\u2019Accademia Ungherese delle Scienze si tiene il Convegno \u201cL\u2019eredit\u00e0 classica nella cultura italiana e ungherese del Novecento dalle Avanguardie al Posmoderno\u201d. Si tratta del XII Convegno italo-ungherese promosso e organizzato dall\u2019 Accademia Ungherese delle Scienze e dall\u2019Accademia Nazionale dei Lincei con la collaborazione dell\u2019Universit\u00e0 \u201cLa Sapienza\u201d di Roma, l\u2019Universit\u00e0 E\u00f6tv\u00f6s Lor\u00e1nd di Budapest e l\u2019Istituto Italiano di Cultura di Budapest.<BR><\/P><\/p>\n","protected":false},"excerpt":{"rendered":"L&#8217;Ambasciata informaAttuale\u00a0&#8211; Dicembre 2013\u00a0&#8211; Novembre 2013 &#8211; Ottobre 2013\u00a0&#8211; Settembre 2013 &#8211; Agosto 2013 &#8211; Giugno 2013 &#8211;\u00a0 Maggio 2013 &#8211; Aprile 2013 &#8211; Marzo 2013 &#8211; Febbraio 2013 &#8211; Gennaio 20132012 Dicembre 2012 &#8211; Novembre 2012 &#8211;Ottobre 2012 &#8211; Settembre 2012 &#8211; Agosto 2012&#8211; Luglio 2012 &#8211; Giugno 2012 &#8211; Maggio 2012L&#8217;Ambasciata informa MAGGIO [&hellip;]","protected":false},"author":1,"featured_media":0,"comment_status":"","ping_status":"","sticky":false,"template":"","format":"standard","meta":{"footnotes":""},"tags":[],"class_list":["post-1962","post","type-post","status-publish","format-standard","hentry"],"_links":{"self":[{"href":"https:\/\/ambbudapest.esteri.it\/it\/wp-json\/wp\/v2\/posts\/1962","targetHints":{"allow":["GET"]}}],"collection":[{"href":"https:\/\/ambbudapest.esteri.it\/it\/wp-json\/wp\/v2\/posts"}],"about":[{"href":"https:\/\/ambbudapest.esteri.it\/it\/wp-json\/wp\/v2\/types\/post"}],"author":[{"embeddable":true,"href":"https:\/\/ambbudapest.esteri.it\/it\/wp-json\/wp\/v2\/users\/1"}],"replies":[{"embeddable":true,"href":"https:\/\/ambbudapest.esteri.it\/it\/wp-json\/wp\/v2\/comments?post=1962"}],"version-history":[{"count":0,"href":"https:\/\/ambbudapest.esteri.it\/it\/wp-json\/wp\/v2\/posts\/1962\/revisions"}],"wp:attachment":[{"href":"https:\/\/ambbudapest.esteri.it\/it\/wp-json\/wp\/v2\/media?parent=1962"}],"wp:term":[{"taxonomy":"post_tag","embeddable":true,"href":"https:\/\/ambbudapest.esteri.it\/it\/wp-json\/wp\/v2\/tags?post=1962"}],"curies":[{"name":"wp","href":"https:\/\/api.w.org\/{rel}","templated":true}]}}