{"id":1938,"date":"2013-11-08T12:17:51","date_gmt":"2013-11-08T11:17:51","guid":{"rendered":"https:\/\/ambbudapest.esteri.it\/news\/dall_ambasciata\/2013\/11\/ambasciata-informa-ottobre-2013\/"},"modified":"2013-11-08T12:17:51","modified_gmt":"2013-11-08T11:17:51","slug":"ambasciata-informa-ottobre-2013","status":"publish","type":"post","link":"https:\/\/ambbudapest.esteri.it\/it\/news\/dall_ambasciata\/2013\/11\/ambasciata-informa-ottobre-2013\/","title":{"rendered":"Ambasciata Informa Ottobre 2013"},"content":{"rendered":"<p><DIV style=\"TEXT-ALIGN: center\" class=\"centeredImg\"><STRONG>L&#8217;Ambasciata informa<\/STRONG><\/DIV><DIV style=\"TEXT-ALIGN: center\" class=\"centeredImg\"><STRONG><A href=\"#\">Attuale<\/A><\/STRONG><STRONG> <\/STRONG>&#8211; <A title=\"Dicembre 2013\" href=\"asciata_Budapest\/Menu\/Ambasciata\/News\/Ambasciata Informa Dicembre 2013.html\">Dicembre 2013<\/A> &#8211; <A title=\"Novembre 2013\" href=\"asciata_Budapest\/Menu\/Ambasciata\/News\/Ambasciata Informa Novembre 2013.html\"><\/A><A href=\"asciata_Budapest\/Menu\/Ambasciata\/News\/Ambasciata Informa Novembre 2013.html\">Novembre 2013<\/A> &#8211; <STRONG>Ottobre 2013<\/STRONG> &#8211; <A title=\"Settembre 2013\" href=\"asciata_Budapest\/Menu\/Ambasciata\/News\/Ambasciata Informa Settembre 2013.html\">Settembre 2013<\/A> &#8211; <A title=\"Agosto 2013\" href=\"asciata_Budapest\/Menu\/Ambasciata\/News\/Ambasciata Informa Agosto 2013.html\">Agosto 2013<\/A> &#8211; <A title=\"Giugno 2013\" href=\"asciata_Budapest\/Menu\/Ambasciata\/News\/Ambasciata Informa Giugno 2013.html\">Giugno 2013<\/A> &#8211; <A title=\"Maggio 2013\" href=\"asciata_Budapest\/Menu\/Ambasciata\/News\/Ambasciata Informa maggio 2013.html\">Maggio 2013<\/A> &#8211; <A title=\"Aprile 2013\" href=\"asciata_Budapest\/Menu\/Ambasciata\/News\/Ambasciata Informa Aprile 2013.html\">Aprile 2013<\/A> &#8211; <A title=\"Marzo 2013\" href=\"asciata_Budapest\/Menu\/Ambasciata\/News\/Marzo 2013.html\">Marzo 2013<\/A> &#8211; <A title=\"Febbraio 2013\" href=\"asciata_Budapest\/Menu\/Ambasciata\/News\/Febbraio 2013.html\">Febbraio 2013<\/A> &#8211; <A title=\"Gennaio 2013\" href=\"asciata_Budapest\/Menu\/Ambasciata\/News\/Gennaio 2013.html\">Gennaio 2013<\/A><BR><STRONG><BR>2012 <BR><\/STRONG><A title=\"Dicembre 2012\" href=\"asciata_Budapest\/Menu\/Ambasciata\/News\/Dicembre 2012.html\">Dicembre 2012<\/A> &#8211; <A title=\"Novembre 2012\" href=\"asciata_Budapest\/Menu\/Ambasciata\/News\/Ambasciata informa novembre 2012.html\">Novembre 2012<\/A><STRONG> &#8211;<\/STRONG><A title=\"Ottobre 2012\" href=\"asciata_Budapest\/Menu\/Ambasciata\/News\/Ambasciata informa ottobre 2012.html\">Ottobre 2012<\/A> &#8211; <A title=\"Settembre 2012\" href=\"asciata_Budapest\/Menu\/Ambasciata\/News\/Ambasciata Informa_settembre 2012.html\">Settembre 2012<\/A> &#8211; <A title=\"Agosto 2012\" href=\"asciata_Budapest\/Menu\/Ambasciata\/News\/Ambasciata informa agosto 2012.html\">Agosto 2012<\/A>&#8211; <A title=\"Luglio 2012\" href=\"asciata_Budapest\/Menu\/Ambasciata\/News\/Ambasciata informa luglio 2012.html\">Luglio 2012<\/A> &#8211; <A title=\"Giugno 2012\" href=\"asciata_Budapest\/Menu\/Ambasciata\/News\/Ambasciata informa giugno 2012.html\">Giugno 2012<\/A> &#8211; <A title=\"Maggio 2012\" href=\"asciata_Budapest\/Menu\/Ambasciata\/News\/Ambasciata informa maggio 2012.html\">Maggio 2012<\/A><\/DIV><br \/>\n<DIV id=\"Link_Correlati_eng\"><\/DIV><br \/>\n<DIV id=\"Link_Correlati_3\"><\/DIV><H3>L&#8217;Ambasciata informa<\/H3><br \/>\n<P><STRONG>OTTOBRE 2013<BR><BR><\/STRONG>1 Ottobre: presso l\u2019Istituto Italiano di Cultura, inaugurazione della mostre \u201cPizza all\u2019ungherese\u201d e \u201cDonna-Sangue-Linea. Omaggio a Bruno Munari\u201d, entrambe nell\u2019ambito del \u201cBudapest Design Week\u201d<BR><BR>2 Ottobre: presso il Cinema Puskin (1053 Budapest, Kossuth L. u. 18), proiezione del film \u201cTraviata \u00e1 Paris\/Giuseppe Verdi\/Zubin Mehta\u201d di Giuseppe Patroni Griffi, interpreti: Jos\u00e9 Cura, Rolando Panerai e Eteri Gvazava che sar\u00e1 presente alla proiezione e interpreter\u00e1 dal vivo alcuni brani dell\u2019opera<BR><BR>3 Ottobre: presso la Sala Federico Fellini dell\u2019Istituto Italiano di Cultura, conferenza \u201cGabriele D\u2019Annunzio enogastronomico\u201d con l\u2019intervento di Enrico Di Carlo, giornalista e scrittore<BR><BR>4-5 Ottobre: a T\u00f6r\u00f6kb\u00e1lint e Budapest, concerto della Corale italiana G.B. Martini di Colleferro e il Coro \u201cCantabile\u201d di T\u00f6r\u00f6kb\u00e1lint, in programma musiche di Giuseppe Verdi, Giacomo Puccini, Pietro Mascagni e Gioacchino Rossini<BR><BR>7 Ottobre: presso la Sala Giuseppe Verdi dell\u2019Istituto Italiano di Cultura, \u201cSerata rock &#8230; e altro\u201d con il gruppo blues-rock \u201cYounger Son\u201d<BR><BR>8 Ottobre: L\u2019Agenzia ICE organizza una conferenza stampa di presentazione dell\u2019accordo di partnership commerciale stipulato tra l\u2019italiana HC Welth e l\u2019ungherese Aniba-Net Kft, per la distribuzione in esclusiva di dispositivi medici e integratori alimentari in Ungheria, Croazia, Romania, Slovacchia e Repubblica Ceca<BR><BR>9 Ottobre: presso la Sala Federico Fellini dell\u2019Istituto Italiano di Cultura, \u201cSeminario di Studi Italiani. Parte IV \u2013 Media, cultura e patrimoni. Mass media, comunicazione e opinione pubblica\u201d, con la partecipazione di Claudio Cappon, Lidia M\u00e1rton e B\u00e9la Szomr\u00e1ky<BR><BR>13 Ottobre: grande successo per l\u2019Accademia Teatro alla Scala in concerto presso il Palazzo delle Arti con la \u201cPetite Messe solennelle\u201d di Rossini<BR><BR>14 Ottobre: presso il Museo Nazionale Ungherese (1088 Budapest, M\u00fazeum krt. 14-16), in occasione dell\u2019Anno della Cultura Italiana in Ungheria 2013, inaugurazione della mostra dell\u2019artista Silvio Monti \u201cMemoria et Imago\u201d; la mostra sar\u00e1 inaugurata dalla curatrice M\u00e1rta Simonffy e dal Commissario di Stato ungherese per l\u2019Expo di Milano 2015, G\u00e9za Sz\u0151cs<BR><BR>14 Ottobre: presso la Sala Giuseppe Verdi dell\u2019Istituto Italiano di Cultura, concerto \u201cPop Songs 2013\u201d: 13 celebri brani lirici e popolari trascritti per l\u2019Ensemble \u201cI solisti del Sud\u201d da Marcello Panni<BR><BR>15 Ottobre: presso la Sala Federico Fellini dell\u2019Istituto Italiano di Cultura, nell\u2019ambito della XIII Edizione della \u201cSettimana della Lingua Italiana nel mondo\u201d si svolge la \u201cGiornata Svizzera\u201d con Proiezioni e Giochi d\u2019Estate di Rolando Colla. L\u2019evento \u00e9 realizzato in collaborazione con l\u2019Ambasciata di Svizzera in Ungheria<BR><BR>16 Ottobre: presso la Sala Federico Fellini dell\u2019Istituto Italiano di Cultura, proiezione del film \u201cDon Carlo\u201d, rappresentazione filmata dell\u2019opera di Giuseppe Verdi del 1867, Orchestra e Coro del Teatro della Scala, Direttore: Daniele Gatti, Maestro del Coro: Bruno Casoni, regia di St\u00e9phane Braunschweig<BR><BR>17 Ottobre: presso la Sala Federico Fellini dell\u2019Istituto Italiano di Cultura, convegno \u201cUna giornata con il Principe di Niccol\u00f3 Machiavelli\u201d in collaborazione con le Universit\u00e1 di Budapest, P\u00e9cs, Debrecen e Szeged, intervengono: Luigi Tassoni, Imre Madar\u00e1sz, P\u00e9ter Paczolay, Tibor Szab\u00f3, M\u00e1rton Kaposi e Gy\u0151z\u0151 Szab\u00f3<BR><BR>18 Ottobre: presso l\u2019Istituto Italiano di Cultura, inaugurazione dell\u2019iniziativa \u201cKaleidoscopio Italia\u201d con cui l\u2019Istituto apre le porte al pubblico fino al 20 Ottobre per presentare l\u2019Italia a Budapest nelle sue diverse inclinazioni: culturale, linguistica, economica, turistica e gastronomica. <BR>Concorso \u201cCiao. Parliamo Italiano?\u201d aperto alle 260 scuole in cui si studia l\u2019Italiano in Ungheria, verranno premiati 18 allievi.<BR>Presentazione della brochure \u201cPercorsi italiani nei musei di Budapest\u201d, curata dall\u2019Istituto di Cultura in collaborazione con il Museo di Belle Arti ungherese<BR><BR>18 Ottobre: presso l\u2019Accademia di Musica \u201cLiszt Ferenc\u201d (Budapest VI., V\u00f6r\u00f6smarty utca 35), nell\u2019ambito della XIII Edizione della \u201cSettimana della Lingua Italiana nel mondo\u201d, concerto \u201cFra virtuosismo e Belcanto. Parafrasi e Variazioni per flauto e pianoforte\u201d di Giulio Briccialdi con il duo Ginevra Petrucci e Paola Pisa<BR><BR>18 \u2013 22 Ottobre: L\u2019Agenzia ICE organizza una missione di operatori ungheresi alla Fiera HOST, Salone internazionale dell\u2019ospitalit\u00e0 professionale, in collaborazione con Fiera Milano.<BR><BR>21 Ottobre: presso la Galleria Xenia dell\u2019Istituto Italiano di Cultura, inaugurazione della mostra \u201cLa Ligura\u201d in collaborazione con il Consolato d\u2019Ungheria per la Liguria, l\u2019Associazione EventidAmare di Genova e l\u2019Associazione Polis di Budapest<BR><BR>26 Ottobre: presso il Museo di Belle Arti (1146 Budapest, D\u00f3zsa Gy\u00f6rgy \u00fat 41), inaugurazione della mostra \u201cIl barocco italiano. Da Caravaggio a Canaletto\u201d, organizzata dal Museo di Belle Arti in collaborazione con l\u2019Istituto Italiano di Cultura. La Mostra rimarr\u00e0 aperta fino al 16 febbraio 2014.<BR><BR>29 Ottobre: presso la Sala Federico Fellini dell\u2019Istituto Italiano di Cultura, inaugurazione della mostra fotografica \u201cSulle orme di Perlasca. Il percorso della Memoria in Budapest\u201d con la partecipazione di Franco Perlasca<BR><BR>29 Ottobre: Cerimonia di Apertura del nuovo stabilimento produttivo DAB, azienda leader nel settore della movimentazione dell\u2019acqua, a Nagykanizsa<BR><BR>30 Ottobre: presso il Cinema Puskin (1053 Budapest, Kossuth L. u. 18), proiezione del film \u201cRigoletto a Mantova\/Giuseppe Verdi\/ Zubin Mehta\u201d di Marco Bellocchio, interpreti: Placido Domingo, Julia Novikova, Vittorio Grigolo, Nino Surgeladze e Ruggero Raimondi<BR><BR>31 Ottobre: presso la Sala Federico Fellini dell\u2019Istituto Italiano di Cultura, convegno \u201cBionica-sinergia tra Biotecnologie e Tencologie dell\u2019Informazione\u201d con il coordinamento del Prof. S\u00e1ndor Pongor dell\u2019ICGEB di Trieste<\/P><\/p>\n","protected":false},"excerpt":{"rendered":"L&#8217;Ambasciata informaAttuale &#8211; Dicembre 2013 &#8211; Novembre 2013 &#8211; Ottobre 2013 &#8211; Settembre 2013 &#8211; Agosto 2013 &#8211; Giugno 2013 &#8211; Maggio 2013 &#8211; Aprile 2013 &#8211; Marzo 2013 &#8211; Febbraio 2013 &#8211; Gennaio 20132012 Dicembre 2012 &#8211; Novembre 2012 &#8211;Ottobre 2012 &#8211; Settembre 2012 &#8211; Agosto 2012&#8211; Luglio 2012 &#8211; Giugno 2012 &#8211; Maggio [&hellip;]","protected":false},"author":1,"featured_media":0,"comment_status":"","ping_status":"","sticky":false,"template":"","format":"standard","meta":{"footnotes":""},"tags":[],"class_list":["post-1938","post","type-post","status-publish","format-standard","hentry"],"_links":{"self":[{"href":"https:\/\/ambbudapest.esteri.it\/it\/wp-json\/wp\/v2\/posts\/1938","targetHints":{"allow":["GET"]}}],"collection":[{"href":"https:\/\/ambbudapest.esteri.it\/it\/wp-json\/wp\/v2\/posts"}],"about":[{"href":"https:\/\/ambbudapest.esteri.it\/it\/wp-json\/wp\/v2\/types\/post"}],"author":[{"embeddable":true,"href":"https:\/\/ambbudapest.esteri.it\/it\/wp-json\/wp\/v2\/users\/1"}],"replies":[{"embeddable":true,"href":"https:\/\/ambbudapest.esteri.it\/it\/wp-json\/wp\/v2\/comments?post=1938"}],"version-history":[{"count":0,"href":"https:\/\/ambbudapest.esteri.it\/it\/wp-json\/wp\/v2\/posts\/1938\/revisions"}],"wp:attachment":[{"href":"https:\/\/ambbudapest.esteri.it\/it\/wp-json\/wp\/v2\/media?parent=1938"}],"wp:term":[{"taxonomy":"post_tag","embeddable":true,"href":"https:\/\/ambbudapest.esteri.it\/it\/wp-json\/wp\/v2\/tags?post=1938"}],"curies":[{"name":"wp","href":"https:\/\/api.w.org\/{rel}","templated":true}]}}