{"id":1933,"date":"2013-12-04T10:29:00","date_gmt":"2013-12-04T09:29:00","guid":{"rendered":"https:\/\/ambbudapest.esteri.it\/news\/dall_ambasciata\/2013\/12\/ambasciata-informa-novembre-2013\/"},"modified":"2013-12-04T10:29:00","modified_gmt":"2013-12-04T09:29:00","slug":"ambasciata-informa-novembre-2013","status":"publish","type":"post","link":"https:\/\/ambbudapest.esteri.it\/it\/news\/dall_ambasciata\/2013\/12\/ambasciata-informa-novembre-2013\/","title":{"rendered":"Ambasciata Informa Novembre 2013"},"content":{"rendered":"<p><DIV style=\"TEXT-ALIGN: center\" class=\"centeredImg\"><STRONG>L&#8217;Ambasciata informa<\/STRONG><\/DIV><DIV style=\"TEXT-ALIGN: center\" class=\"centeredImg\"><STRONG><A href=\"#\">Attuale<\/A><\/STRONG><STRONG> <\/STRONG>&#8211; <A title=\"Dicembre 2013\" href=\"asciata_Budapest\/Menu\/Ambasciata\/News\/Ambasciata Informa Dicembre 2013.html\">Dicembre 2013<\/A> &#8211; <A title=\"Novembre 2013\" href=\"asciata_Budapest\/Menu\/Ambasciata\/News\/Ambasciata Informa Novembre 2013.html\"><\/A><STRONG>Novembre 2013 <\/STRONG>&#8211; <A title=\"Ottobre 2013\" href=\"asciata_Budapest\/Menu\/Ambasciata\/News\/Ambasciata Informa Ottobre 2013.html\">Ottobre 2013<\/A> &#8211; <A title=\"Settembre 2013\" href=\"asciata_Budapest\/Menu\/Ambasciata\/News\/Ambasciata Informa Settembre 2013.html\">Settembre 2013<\/A> &#8211; <A title=\"Agosto 2013\" href=\"asciata_Budapest\/Menu\/Ambasciata\/News\/Ambasciata Informa Agosto 2013.html\">Agosto 2013<\/A> &#8211; <A title=\"Giugno 2013\" href=\"asciata_Budapest\/Menu\/Ambasciata\/News\/Ambasciata Informa Giugno 2013.html\">Giugno 2013<\/A> &#8211; <A title=\"Maggio 2013\" href=\"asciata_Budapest\/Menu\/Ambasciata\/News\/Ambasciata Informa maggio 2013.html\">Maggio 2013<\/A> &#8211; <A title=\"Aprile 2013\" href=\"asciata_Budapest\/Menu\/Ambasciata\/News\/Ambasciata Informa Aprile 2013.html\">Aprile 2013<\/A> &#8211; <A title=\"Marzo 2013\" href=\"asciata_Budapest\/Menu\/Ambasciata\/News\/Marzo 2013.html\">Marzo 2013<\/A> &#8211; <A title=\"Febbraio 2013\" href=\"asciata_Budapest\/Menu\/Ambasciata\/News\/Febbraio 2013.html\">Febbraio 2013<\/A> &#8211; <A title=\"Gennaio 2013\" href=\"asciata_Budapest\/Menu\/Ambasciata\/News\/Gennaio 2013.html\">Gennaio 2013<\/A><BR><STRONG><BR>2012 <BR><\/STRONG><A title=\"Dicembre 2012\" href=\"asciata_Budapest\/Menu\/Ambasciata\/News\/Dicembre 2012.html\">Dicembre 2012<\/A> &#8211; <A title=\"Novembre 2012\" href=\"asciata_Budapest\/Menu\/Ambasciata\/News\/Ambasciata informa novembre 2012.html\">Novembre 2012<\/A><STRONG> &#8211;<\/STRONG><A title=\"Ottobre 2012\" href=\"asciata_Budapest\/Menu\/Ambasciata\/News\/Ambasciata informa ottobre 2012.html\">Ottobre 2012<\/A> &#8211; <A title=\"Settembre 2012\" href=\"asciata_Budapest\/Menu\/Ambasciata\/News\/Ambasciata Informa_settembre 2012.html\">Settembre 2012<\/A> &#8211; <A title=\"Agosto 2012\" href=\"asciata_Budapest\/Menu\/Ambasciata\/News\/Ambasciata informa agosto 2012.html\">Agosto 2012<\/A>&#8211; <A title=\"Luglio 2012\" href=\"asciata_Budapest\/Menu\/Ambasciata\/News\/Ambasciata informa luglio 2012.html\">Luglio 2012<\/A> &#8211; <A title=\"Giugno 2012\" href=\"asciata_Budapest\/Menu\/Ambasciata\/News\/Ambasciata informa giugno 2012.html\">Giugno 2012<\/A> &#8211; <A title=\"Maggio 2012\" href=\"asciata_Budapest\/Menu\/Ambasciata\/News\/Ambasciata informa maggio 2012.html\">Maggio 2012<\/A><\/DIV><H3 align=\"left\">L&#8217;Ambasciata informa<\/H3><br \/>\n<P align=\"left\"><STRONG>NOVEMBRE 2013<BR><BR><\/STRONG>2 Novembre: presso la Cattedrale di Szeged, cerimonia in onore dei Caduti di tutte le Guerre alla presenza del Coro degli Alpini.<BR><BR>4 Novembre: presso la Sala Giuseppe Verdi dell\u2019Istituto Italiano di Cultura, concerto di \u201cPeppe Voltarelli in Trio\u201d dal titolo \u201cMusica popolare e &#8230;altro\u201d<BR><BR>5 Novembre: presso la Galleria Xenia dell\u2019Istituto Italiano di Cultura, inaugurazione della mostra fotografica \u201c15 fotografie per Anna Magnani\u201d in occasione dei quarant\u2019anni dalla scomparsa dell\u2019attrice simbolo del Neorealismo. La mostra rimarr\u00e1 aperta fino al 25 novembre. <BR><BR>5-6 Novembre: presso il Liceo St. L\u00e1szl\u00f3 di Budapest e l\u2019Universit\u00e1 P\u00e1z\u00e1m\u00e1ny di Piliscsaba, l\u2019artista Peppe Voltarelli incontra i giovani.<BR><BR>5-14 Novembre: presso il Cinema Puskin (1053 Budapest, Kossuth L. u. 18), XI Edizione del \u201cMittelCinemaFest, Festival Centro-Europeo del Cinema Italiano\u201d.<BR><BR>7 Novembre: presso la Sala Federico Fellini dell\u2019Istituto Italiano di Cultura,\u00a0 in concomitanza con la mostra \u201cRobert Capa. Il giocatore d\u2019azzardo\u201d incontro con Luigi Tomassini. In collaborazione col Museo Nazionale di Budapest.<BR><BR>13 Novembre: presso la Sala Federico Fellini dell\u2019Istituto Italiano di Cultura, nell\u2019ambito del ciclo \u201cSeminari di studi italiani. Parte IV \u2013 Media, cultura e patrimonio\u201d conferenza intitolata: \u201cItalia: luogo di memoria e progetto avvenire\u201d a cura della Dott.ssa Cristina Acidini, Soprintendente del Polo Museale fiorentino.<BR><BR>15 Novembre: presso la Sala Federico Fellini dell\u2019Istituto Italiano di Cultura, presentazione della traduzione in lingua ungherese del libro di Umberto Eco \u201cStorie delle terre e dei luoghi leggendari\u201d. A seguire proiezione di un filmato sul libro.<BR><BR>18 Novembre: presso la Sala Giuseppe Verdi dell\u2019Istituto Italiano di Cultura, concerto Jazz di Mauro Schiavone e Francesco Cafiso; in programma musiche di Nino Rota, Piero Piccioni, Ennio Morricone, Paolo Conte, Gino Paoli e Francesco Cafiso.<BR><BR>19 Novembre: presso la \u201cCasa degli Ungheresi\u201d (1014 Budapest, Szenth\u00e1roms\u00e1g t\u00e9r 6), conferenza dal titolo \u201cDal Brenta al Danubio. Ungheresi a Venezia, Italiani al Danubio\u201d organizzata dall\u2019 \u201cAssociazione per i Ricordi ungheresi nel Mondo\u201d.<BR><BR>21 Novembre: presso la Sala Federico Fellini dell\u2019Istituto Italiano di Cultura, lettura del Canto XXVI tratto dall\u2019 \u201cInferno\u201d della \u201cDivina Commedia\u201d di Dante.<BR><BR>23 Novembre:\u00a0 presso la Sala Giuseppe Verdi dell\u2019Istituto Italiano di Cultura, concerto con la partecipazione degli artisti dell\u2019Orchestra Sinfonica M\u00e1v; in programma: Isa Krejcsi \u2013 Trio, Giuseppe Verdi \u2013 Leonora Pace, Fr\u00e9d\u00e9ric Chopin \u2013 Variazioni su un tema di Rossini, Giacomo Puccini \u2013 Turandot: In questa Reggia, Wolfgang Amadeus Mozart \u2013 quartetti di pianoforte in sol minore K.478.<BR><BR>23 Novembre: presso il Museo Storico Militare (1014 Budapest, Kapistr\u00e1n t\u00e9r 2-4), concerto di Peppe Voltarelli\/voce e chitarra.<BR><BR>25 Novembre: presso la Sala Federico Fellini dell\u2019Istituto Italiano di Cultura, Proiezione dell\u2019 \u201cAida\u201d di Giuseppe Verdi. Orchestra della Scala di Milano, direttore Riccardo Chailly, regia di Franco Zeffirelli.<BR><BR>25\/29 Novembre: presso il Collegio E\u00f6tv\u00f6s J\u00f3zsef (1118\u00a0 Budapest, M\u00e9nesi \u00fat 11-13), convegno di Bizantologia e studi medioevali \u201cFonti ed interpretazioni\u201d.<BR><BR>26 Novembre: presso la Sala Federico Fellini dell\u2019Istituto Italiano di Cultura, in occasione del convegno annuale di Bizantologia e studi medievali presso l\u2019E\u00f6tv\u00f6s Collegium, \u201cEsercizi di filologia\u201d: presentazione di due saggi di Alma Huszthy (Universit\u00e1 ELTE) e Hajnalka Kuffart (Universit\u00e1 Cattolica P\u00e9ter P\u00e1zm\u00e1ny).<BR><BR>27 Novembre: presso l\u2019Istituto Italiano di Cultura, inaugurazione della mostra \u201cL\u2019Italia del Futuro\u201d sul patrimonio culturale italiano. Realizzata dall\u2019Istituto Italiano di Tecnologia di Genova in collaborazione con il Consiglio Nazionale delle Ricerche, la Scuola Superiore Sant\u2019Anna di Pisa, Universit\u00e1 ed Enti di ricerca italiani. La mostra rimarr\u00e1 aperta fino al 18 dicembre.<BR><BR>27 Novembre: presso la Sala Federico Fellini dell\u2019Istituto Italiano di Cultura, nell\u2019ambito del ciclo \u201cSeminari di studi italiani. Parte IV \u2013 Media, cultura e patrimonio\u201d conferenza intitolata: \u201cIl ruolo della ricerca scientifica e dell\u2019innovazione tecnologica in Italia\u201d a cura del Dott. Giuseppe Festinese, Consiglio Nazionale delle Ricerche.<BR><\/P><br \/>\n<P align=\"left\">\u00a0<\/P><\/p>\n","protected":false},"excerpt":{"rendered":"L&#8217;Ambasciata informaAttuale &#8211; Dicembre 2013 &#8211; Novembre 2013 &#8211; Ottobre 2013 &#8211; Settembre 2013 &#8211; Agosto 2013 &#8211; Giugno 2013 &#8211; Maggio 2013 &#8211; Aprile 2013 &#8211; Marzo 2013 &#8211; Febbraio 2013 &#8211; Gennaio 20132012 Dicembre 2012 &#8211; Novembre 2012 &#8211;Ottobre 2012 &#8211; Settembre 2012 &#8211; Agosto 2012&#8211; Luglio 2012 &#8211; Giugno 2012 &#8211; Maggio [&hellip;]","protected":false},"author":1,"featured_media":0,"comment_status":"","ping_status":"","sticky":false,"template":"","format":"standard","meta":{"footnotes":""},"tags":[],"class_list":["post-1933","post","type-post","status-publish","format-standard","hentry"],"_links":{"self":[{"href":"https:\/\/ambbudapest.esteri.it\/it\/wp-json\/wp\/v2\/posts\/1933","targetHints":{"allow":["GET"]}}],"collection":[{"href":"https:\/\/ambbudapest.esteri.it\/it\/wp-json\/wp\/v2\/posts"}],"about":[{"href":"https:\/\/ambbudapest.esteri.it\/it\/wp-json\/wp\/v2\/types\/post"}],"author":[{"embeddable":true,"href":"https:\/\/ambbudapest.esteri.it\/it\/wp-json\/wp\/v2\/users\/1"}],"replies":[{"embeddable":true,"href":"https:\/\/ambbudapest.esteri.it\/it\/wp-json\/wp\/v2\/comments?post=1933"}],"version-history":[{"count":0,"href":"https:\/\/ambbudapest.esteri.it\/it\/wp-json\/wp\/v2\/posts\/1933\/revisions"}],"wp:attachment":[{"href":"https:\/\/ambbudapest.esteri.it\/it\/wp-json\/wp\/v2\/media?parent=1933"}],"wp:term":[{"taxonomy":"post_tag","embeddable":true,"href":"https:\/\/ambbudapest.esteri.it\/it\/wp-json\/wp\/v2\/tags?post=1933"}],"curies":[{"name":"wp","href":"https:\/\/api.w.org\/{rel}","templated":true}]}}