{"id":1889,"date":"2013-04-02T13:12:36","date_gmt":"2013-04-02T11:12:36","guid":{"rendered":"https:\/\/ambbudapest.esteri.it\/news\/dall_ambasciata\/2013\/04\/bionica\/"},"modified":"2013-04-02T13:12:36","modified_gmt":"2013-04-02T11:12:36","slug":"bionica","status":"publish","type":"post","link":"https:\/\/ambbudapest.esteri.it\/it\/news\/dall_ambasciata\/2013\/04\/bionica\/","title":{"rendered":"Anno culturale Italo-Ungherese 2013"},"content":{"rendered":"<p><P>Tra le iniziative promosse nel quadro dell\u2019Anno Culturale Italo-Ungherese 2013, si segnala il seminario \u201eBionica- sinergia tra Biotecnologie e Tecnologie dell\u2019Informazione\u201d organizzato congiuntamente da Politecnico di Torino, Universit\u00e1 P\u00e1zm\u00e1ny di Budapest e Accademia Ungherese delle Scienze, che si terr\u00e1 nell\u2019Aula Magna del Politecnico di Torino il giorno 24 aprile.<BR><BR><BR><\/P><P><A href=\"\/resource\/2013\/04\/66041_f_amb61April24_Torino_italiano_2_.pdf\"><STRONG><EM>Bionica &#8211; sinergia tra Biotecnologie e Tecnologie dell\u2019Informazione<\/EM><\/STRONG><\/A><BR><BR><\/P><\/p>\n","protected":false},"excerpt":{"rendered":"Tra le iniziative promosse nel quadro dell\u2019Anno Culturale Italo-Ungherese 2013, si segnala il seminario \u201eBionica- sinergia tra Biotecnologie e Tecnologie dell\u2019Informazione\u201d organizzato congiuntamente da Politecnico di Torino, Universit\u00e1 P\u00e1zm\u00e1ny di Budapest e Accademia Ungherese delle Scienze, che si terr\u00e1 nell\u2019Aula Magna del Politecnico di Torino il giorno 24 aprile.Bionica &#8211; sinergia tra Biotecnologie e Tecnologie [&hellip;]","protected":false},"author":1,"featured_media":0,"comment_status":"","ping_status":"","sticky":false,"template":"","format":"standard","meta":{"footnotes":""},"tags":[],"class_list":["post-1889","post","type-post","status-publish","format-standard","hentry"],"_links":{"self":[{"href":"https:\/\/ambbudapest.esteri.it\/it\/wp-json\/wp\/v2\/posts\/1889","targetHints":{"allow":["GET"]}}],"collection":[{"href":"https:\/\/ambbudapest.esteri.it\/it\/wp-json\/wp\/v2\/posts"}],"about":[{"href":"https:\/\/ambbudapest.esteri.it\/it\/wp-json\/wp\/v2\/types\/post"}],"author":[{"embeddable":true,"href":"https:\/\/ambbudapest.esteri.it\/it\/wp-json\/wp\/v2\/users\/1"}],"replies":[{"embeddable":true,"href":"https:\/\/ambbudapest.esteri.it\/it\/wp-json\/wp\/v2\/comments?post=1889"}],"version-history":[{"count":0,"href":"https:\/\/ambbudapest.esteri.it\/it\/wp-json\/wp\/v2\/posts\/1889\/revisions"}],"wp:attachment":[{"href":"https:\/\/ambbudapest.esteri.it\/it\/wp-json\/wp\/v2\/media?parent=1889"}],"wp:term":[{"taxonomy":"post_tag","embeddable":true,"href":"https:\/\/ambbudapest.esteri.it\/it\/wp-json\/wp\/v2\/tags?post=1889"}],"curies":[{"name":"wp","href":"https:\/\/api.w.org\/{rel}","templated":true}]}}