{"id":1883,"date":"2013-04-11T09:13:09","date_gmt":"2013-04-11T07:13:09","guid":{"rendered":"https:\/\/ambbudapest.esteri.it\/news\/dall_ambasciata\/2013\/04\/tavola-rotonda-su-scienza-e-diplomazia\/"},"modified":"2013-04-11T09:13:09","modified_gmt":"2013-04-11T07:13:09","slug":"tavola-rotonda-su-scienza-e-diplomazia","status":"publish","type":"post","link":"https:\/\/ambbudapest.esteri.it\/it\/news\/dall_ambasciata\/2013\/04\/tavola-rotonda-su-scienza-e-diplomazia\/","title":{"rendered":"Tavola Rotonda su Scienza e Diplomazia"},"content":{"rendered":"<p><P>Luned\u00ed 8 aprile presso la Sala Fellini dell\u2019Istituto Italiano di Cultura si \u00e9 svolta la Tavola Rotonda &#8220;Science and Diplomacy: Central Europe and Southern Mediterranean-Sharing experiences in the framework of the 2013 Italo-Hungarian International Year of Culture and Science\u201d. <BR>L\u2019evento, parte delle iniziative promosse nel quadro dell\u2019Anno Culturale Italo-Ungherese, \u00e8 stato organizzato dall\u2019Accademia Ungherese delle Scienze e dalla TWAS, Accademia delle Scienze per i Paesi in via di Sviluppo con sede a Trieste, in collaborazione con l\u2019Ambasciata italiana e l\u2019Istituto italiano di Cultura di Budapest.<BR>Obiettivo della conferenza \u00e9 stato avviare un confronto sulla questione dello sviluppo scientifico in tempo di crisi, evidenziando l\u2019importanza del ruolo della cooperazione scientifica internazionale e della diplomazia nel rafforzare la ricerca nazionale, l\u2019innovazione, nel migliorare la governance scientifica nonch\u00e9 nello spianare gli ostacoli che precludono alle donne il raggiungimento di posizioni di rilievo nella scienza e in politica.<BR>Alla Conferenza, aperta dall\u2019Ambasciatore Maria Assunta Accili, dal Presidente dell\u2019Accademia Ungherese delle Scienze J\u00f3zsef P\u00e1link\u00e1s e dalla Direttrice dell\u2019IIC Gina Giannotti, sono intervenute diverse personalit\u00e1, tra le quali Gergely Pr\u0151hle, Vice Segretario di Stato per le Relazioni\u00a0 Bilaterali Europee e Katalin Bogyay, Presidente della Conferenza Generale dell\u2019UNESCO e Ambasciatore dell\u2019Ungheria presso l\u2019UNESCO.<BR><\/P><\/p>\n","protected":false},"excerpt":{"rendered":"Luned\u00ed 8 aprile presso la Sala Fellini dell\u2019Istituto Italiano di Cultura si \u00e9 svolta la Tavola Rotonda &#8220;Science and Diplomacy: Central Europe and Southern Mediterranean-Sharing experiences in the framework of the 2013 Italo-Hungarian International Year of Culture and Science\u201d. L\u2019evento, parte delle iniziative promosse nel quadro dell\u2019Anno Culturale Italo-Ungherese, \u00e8 stato organizzato dall\u2019Accademia Ungherese delle [&hellip;]","protected":false},"author":1,"featured_media":0,"comment_status":"","ping_status":"","sticky":false,"template":"","format":"standard","meta":{"footnotes":""},"tags":[],"class_list":["post-1883","post","type-post","status-publish","format-standard","hentry"],"_links":{"self":[{"href":"https:\/\/ambbudapest.esteri.it\/it\/wp-json\/wp\/v2\/posts\/1883","targetHints":{"allow":["GET"]}}],"collection":[{"href":"https:\/\/ambbudapest.esteri.it\/it\/wp-json\/wp\/v2\/posts"}],"about":[{"href":"https:\/\/ambbudapest.esteri.it\/it\/wp-json\/wp\/v2\/types\/post"}],"author":[{"embeddable":true,"href":"https:\/\/ambbudapest.esteri.it\/it\/wp-json\/wp\/v2\/users\/1"}],"replies":[{"embeddable":true,"href":"https:\/\/ambbudapest.esteri.it\/it\/wp-json\/wp\/v2\/comments?post=1883"}],"version-history":[{"count":0,"href":"https:\/\/ambbudapest.esteri.it\/it\/wp-json\/wp\/v2\/posts\/1883\/revisions"}],"wp:attachment":[{"href":"https:\/\/ambbudapest.esteri.it\/it\/wp-json\/wp\/v2\/media?parent=1883"}],"wp:term":[{"taxonomy":"post_tag","embeddable":true,"href":"https:\/\/ambbudapest.esteri.it\/it\/wp-json\/wp\/v2\/tags?post=1883"}],"curies":[{"name":"wp","href":"https:\/\/api.w.org\/{rel}","templated":true}]}}