{"id":1839,"date":"2013-10-28T11:54:35","date_gmt":"2013-10-28T10:54:35","guid":{"rendered":"https:\/\/ambbudapest.esteri.it\/news\/dall_ambasciata\/2013\/10\/cerimonia-di-deposizione-di-una-corona-di-fiori-al-cenotafio-dei-caduti-italiani-in-ungheria\/"},"modified":"2013-10-28T11:54:35","modified_gmt":"2013-10-28T10:54:35","slug":"cerimonia-di-deposizione-di-una-corona-di-fiori-al-cenotafio-dei-caduti-italiani-in-ungheria","status":"publish","type":"post","link":"https:\/\/ambbudapest.esteri.it\/it\/news\/dall_ambasciata\/2013\/10\/cerimonia-di-deposizione-di-una-corona-di-fiori-al-cenotafio-dei-caduti-italiani-in-ungheria\/","title":{"rendered":"30 ottobre ore 10.20 &#8211; Cerimonia di deposizione di una corona di fiori al cenotafio dei caduti italiani in Ungheria"},"content":{"rendered":"<p>Mercoled\u00ec 30 Ottobre alle ore 10.20 avr\u00e0 luogo presso il cimitero \u201eR\u00e1koskereszt\u00fari \u00daj K\u00f6ztemet\u0151\u201d (sito in Kozma utca 8-10, 1108 Budapest) la cerimonia di deposizione di una corona di fiori al cenotafio dei caduti italiani in Ungheria alla presenza dell\u2019Ambasciatore, SE Maria Assunta Accili.<\/p>\n","protected":false},"excerpt":{"rendered":"Mercoled\u00ec 30 Ottobre alle ore 10.20 avr\u00e0 luogo presso il cimitero \u201eR\u00e1koskereszt\u00fari \u00daj K\u00f6ztemet\u0151\u201d (sito in Kozma utca 8-10, 1108 Budapest) la cerimonia di deposizione di una corona di fiori al cenotafio dei caduti italiani in Ungheria alla presenza dell\u2019Ambasciatore, SE Maria Assunta Accili.","protected":false},"author":1,"featured_media":0,"comment_status":"","ping_status":"","sticky":false,"template":"","format":"standard","meta":{"footnotes":""},"tags":[],"class_list":["post-1839","post","type-post","status-publish","format-standard","hentry"],"_links":{"self":[{"href":"https:\/\/ambbudapest.esteri.it\/it\/wp-json\/wp\/v2\/posts\/1839","targetHints":{"allow":["GET"]}}],"collection":[{"href":"https:\/\/ambbudapest.esteri.it\/it\/wp-json\/wp\/v2\/posts"}],"about":[{"href":"https:\/\/ambbudapest.esteri.it\/it\/wp-json\/wp\/v2\/types\/post"}],"author":[{"embeddable":true,"href":"https:\/\/ambbudapest.esteri.it\/it\/wp-json\/wp\/v2\/users\/1"}],"replies":[{"embeddable":true,"href":"https:\/\/ambbudapest.esteri.it\/it\/wp-json\/wp\/v2\/comments?post=1839"}],"version-history":[{"count":0,"href":"https:\/\/ambbudapest.esteri.it\/it\/wp-json\/wp\/v2\/posts\/1839\/revisions"}],"wp:attachment":[{"href":"https:\/\/ambbudapest.esteri.it\/it\/wp-json\/wp\/v2\/media?parent=1839"}],"wp:term":[{"taxonomy":"post_tag","embeddable":true,"href":"https:\/\/ambbudapest.esteri.it\/it\/wp-json\/wp\/v2\/tags?post=1839"}],"curies":[{"name":"wp","href":"https:\/\/api.w.org\/{rel}","templated":true}]}}