{"id":1740,"date":"2014-11-28T10:52:09","date_gmt":"2014-11-28T09:52:09","guid":{"rendered":"https:\/\/ambbudapest.esteri.it\/news\/dall_ambasciata\/2014\/11\/diplomatic-fair-2014-domenica-30-novembre\/"},"modified":"2014-11-28T10:52:09","modified_gmt":"2014-11-28T09:52:09","slug":"diplomatic-fair-2014-domenica-30-novembre","status":"publish","type":"post","link":"https:\/\/ambbudapest.esteri.it\/it\/news\/dall_ambasciata\/2014\/11\/diplomatic-fair-2014-domenica-30-novembre\/","title":{"rendered":"DIPLOMATIC FAIR\u00a0 2014 \u2013 DOMENICA 30 NOVEMBRE"},"content":{"rendered":"<p><P class=\"MsoNormal\" style=\"TEXT-ALIGN: justify; MARGIN: 0cm 0cm 0pt\"><FONT face=\"Calibri\"><SPAN lang=\"HU\" style=\"mso-ascii-font-family: Calibri; mso-ascii-theme-font: minor-latin; mso-hansi-font-family: Calibri; mso-hansi-theme-font: minor-latin; mso-bidi-font-family: Arial; mso-ansi-language: HU\"><FONT color=\"#000000\" size=\"3\">L<\/FONT><\/SPAN><SPAN style=\"mso-ascii-font-family: Calibri; mso-ascii-theme-font: minor-latin; mso-hansi-font-family: Calibri; mso-hansi-theme-font: minor-latin; mso-bidi-font-family: Arial\"><FONT color=\"#000000\" size=\"3\">\u2019associazione internazionale dei consorti dei diplomatici di Budapest (<\/FONT><\/SPAN><SPAN lang=\"HU\" style=\"mso-ascii-font-family: Calibri; mso-ascii-theme-font: minor-latin; mso-hansi-font-family: Calibri; mso-hansi-theme-font: minor-latin; mso-bidi-font-family: Arial; mso-ansi-language: HU\"><FONT color=\"#000000\" size=\"3\">Diplomatic Spouses Budapest) organizza anche quest\u2019anno il<\/FONT> <\/SPAN><SPAN lang=\"HU\" style=\"mso-ascii-font-family: Calibri; mso-ascii-theme-font: minor-latin; mso-hansi-font-family: Calibri; mso-hansi-theme-font: minor-latin; mso-ansi-language: HU; mso-bidi-font-weight: bold\"><FONT color=\"#000000\" size=\"3\">Bazar Diplomatico o Diplomatic Fair. L\u2019evento di beneficenza avr\u00e0 luogo domenica 30 novembre presso<\/FONT> <B><FONT color=\"#000000\" size=\"3\">l\u2019Hotel<\/FONT> <SPAN style=\"COLOR: black; mso-themecolor: text1\"><FONT size=\"3\">Intercontinental<\/FONT><\/SPAN><\/B><SPAN style=\"COLOR: black; mso-themecolor: text1\"><FONT size=\"3\"> (ingresso Ap\u00e1czai Csere J\u00e1nos utca 12-14 I piano, 1052 Budapest)<\/FONT> <B><FONT size=\"3\">dalle 10.00 di mattina alle 16.00<\/FONT><\/B><FONT size=\"3\"> di pomeriggio. Per l\u2019accesso \u00e9 previsto il pagamento di un biglietto di ingresso pari a<\/FONT><SPAN style=\"mso-spacerun: yes\"><FONT size=\"3\">\u00a0 <\/FONT><\/SPAN><FONT size=\"3\">500 HUF.<?xml:namespace prefix = \"o\" ns = \"urn:schemas-microsoft-com:office:office\" \/><o:p><\/o:p><\/FONT><\/SPAN><\/SPAN><\/FONT><\/P><P class=\"MsoNormal\" style=\"TEXT-ALIGN: justify; MARGIN: 0cm 0cm 0pt\"><SPAN lang=\"HU\" style=\"mso-ascii-font-family: Calibri; mso-ascii-theme-font: minor-latin; mso-hansi-font-family: Calibri; mso-hansi-theme-font: minor-latin; mso-bidi-font-family: Arial; mso-ansi-language: HU; mso-bidi-font-weight: bold\"><FONT size=\"3\"><FONT color=\"#000000\"><FONT face=\"Calibri\">I proventi raccolti saranno destinati a 3 organizzazioni ungheresi:<o:p><\/o:p><\/FONT><\/FONT><\/FONT><\/SPAN><\/P><br \/>\n<P class=\"MsoNormal\" style=\"TEXT-ALIGN: justify; MARGIN: 0cm 0cm 0pt\"><SPAN lang=\"HU\" style=\"mso-ascii-font-family: Calibri; mso-ascii-theme-font: minor-latin; mso-hansi-font-family: Calibri; mso-hansi-theme-font: minor-latin; mso-bidi-font-family: Arial; mso-ansi-language: HU\"><FONT face=\"Calibri\"><FONT color=\"#000000\" size=\"3\">&#8211;<\/FONT> <SPAN style=\"mso-bidi-font-weight: bold\"><FONT color=\"#000000\" size=\"3\">SOFI<\/FONT><\/SPAN><FONT size=\"3\"><FONT color=\"#000000\">, scuola speciale per ragazzi svantaggiati<o:p><\/o:p><\/FONT><\/FONT><\/FONT><\/SPAN><\/P><br \/>\n<P class=\"MsoNormal\" style=\"TEXT-ALIGN: justify; MARGIN: 0cm 0cm 0pt\"><SPAN lang=\"HU\" style=\"mso-ascii-font-family: Calibri; mso-ascii-theme-font: minor-latin; mso-hansi-font-family: Calibri; mso-hansi-theme-font: minor-latin; mso-bidi-font-family: Arial; mso-ansi-language: HU\"><FONT face=\"Calibri\"><FONT color=\"#000000\" size=\"3\">&#8211;<\/FONT> <SPAN style=\"mso-bidi-font-weight: bold\"><FONT color=\"#000000\" size=\"3\">A Mi H\u00e1zunk<\/FONT><\/SPAN><\/FONT><FONT face=\"Calibri\"><FONT color=\"#000000\" size=\"3\">: &#8220;La Casa dei bambini&#8221; ad Esztergom che svolge programmi educativi per i bambini Rom<BR><\/FONT><FONT color=\"#000000\" size=\"3\">&#8211;<\/FONT> <SPAN style=\"mso-bidi-font-weight: bold\"><FONT color=\"#000000\" size=\"3\">Magyar Vakok \u00e9s Gyeng\u00e9nl\u00e1t\u00f3k Orsz\u00e1gos Sz\u00f6vets\u00e9ge. Vakvezet\u0151kutya kik\u00e9pz\u0151 iskola,<\/FONT><\/SPAN><FONT size=\"3\"><FONT color=\"#000000\"> Centro di addestramento per cani guida per la federazione ungherese non vedenti e ipovedenti.<o:p><\/o:p><\/FONT><\/FONT><\/FONT><\/SPAN><\/P><br \/>\n<P class=\"MsoNormal\" style=\"TEXT-ALIGN: justify; MARGIN: 0cm 0cm 0pt\"><SPAN lang=\"HU\" style=\"mso-ascii-font-family: Calibri; mso-ascii-theme-font: minor-latin; mso-hansi-font-family: Calibri; mso-hansi-theme-font: minor-latin; mso-bidi-font-family: Arial; mso-ansi-language: HU\"><FONT face=\"Calibri\"><FONT color=\"#000000\" size=\"3\">Al Bazar di quest&#8217;anno parteciperanno circa<\/FONT> <SPAN style=\"mso-bidi-font-weight: bold\"><FONT color=\"#000000\" size=\"3\">50 Paesi con<\/FONT><\/SPAN><FONT color=\"#000000\" size=\"3\"> <\/FONT><SPAN style=\"mso-bidi-font-weight: bold\"><FONT size=\"3\"><FONT color=\"#000000\">45 stand nazionali e 29 stand di ristorazione.<o:p><\/o:p><\/FONT><\/FONT><\/SPAN><\/FONT><\/SPAN><\/P><br \/>\n<P class=\"MsoNormal\" style=\"TEXT-ALIGN: justify; MARGIN: 0cm 0cm 0pt\"><SPAN lang=\"HU\" style=\"mso-ascii-font-family: Calibri; mso-ascii-theme-font: minor-latin; mso-hansi-font-family: Calibri; mso-hansi-theme-font: minor-latin; mso-bidi-font-family: Arial; mso-ansi-language: HU\"><FONT face=\"Calibri\"><FONT color=\"#000000\" size=\"3\">L\u2019Ambasciata d\u2019Italia, grazie al contributo di diversi imprenditori italiani operanti in Ungheria, parteciper\u00e1 anche quest\u2019anno con due stand, uno di ristorazione e uno di articoli<\/FONT> <SPAN style=\"mso-spacerun: yes\">\u00a0<\/SPAN><I style=\"mso-bidi-font-style: normal\"><FONT color=\"#000000\" size=\"3\">made in Italy<\/FONT><\/I><FONT size=\"3\"><FONT color=\"#000000\">.<o:p><\/o:p><\/FONT><\/FONT><\/FONT><\/SPAN><\/P><br \/>\n<P class=\"MsoNormal\" style=\"TEXT-ALIGN: justify; MARGIN: 0cm 0cm 0pt\"><FONT face=\"Calibri\"><SPAN lang=\"HU\" style=\"mso-ascii-font-family: Calibri; mso-ascii-theme-font: minor-latin; mso-hansi-font-family: Calibri; mso-hansi-theme-font: minor-latin; mso-bidi-font-family: Arial; mso-ansi-language: HU\"><FONT color=\"#000000\" size=\"3\">Durante la giornata si susseguiranno<\/FONT> <\/SPAN><SPAN lang=\"HU\" style=\"mso-ascii-font-family: Calibri; mso-ascii-theme-font: minor-latin; mso-hansi-font-family: Calibri; mso-hansi-theme-font: minor-latin; mso-ansi-language: HU; mso-bidi-font-weight: bold\"><FONT color=\"#000000\" size=\"3\">artisti dei vari Paesi. In particolare, alle<\/FONT> <B><FONT color=\"#000000\" size=\"3\">11.30<\/FONT><\/B><FONT color=\"#000000\" size=\"3\"> si potr\u00e1 assistere all\u2019esibizione del<\/FONT> <\/SPAN><B><SPAN lang=\"HU\" style=\"mso-ascii-font-family: Calibri; mso-ascii-theme-font: minor-latin; mso-hansi-font-family: Calibri; mso-hansi-theme-font: minor-latin; mso-bidi-font-family: Arial; mso-ansi-language: HU\"><FONT color=\"#000000\" size=\"3\">fisarmonicista italiano Federico Conte<\/FONT><\/SPAN><\/B><SPAN lang=\"HU\" style=\"mso-ascii-font-family: Calibri; mso-ascii-theme-font: minor-latin; mso-hansi-font-family: Calibri; mso-hansi-theme-font: minor-latin; mso-bidi-font-family: Arial; mso-ansi-language: HU\"><FONT color=\"#000000\" size=\"3\">.<\/FONT><SPAN style=\"mso-bidi-font-weight: bold\"><o:p><\/o:p><\/SPAN><\/SPAN><\/FONT><\/P><\/p>\n","protected":false},"excerpt":{"rendered":"L\u2019associazione internazionale dei consorti dei diplomatici di Budapest (Diplomatic Spouses Budapest) organizza anche quest\u2019anno il Bazar Diplomatico o Diplomatic Fair. L\u2019evento di beneficenza avr\u00e0 luogo domenica 30 novembre presso l\u2019Hotel Intercontinental (ingresso Ap\u00e1czai Csere J\u00e1nos utca 12-14 I piano, 1052 Budapest) dalle 10.00 di mattina alle 16.00 di pomeriggio. Per l\u2019accesso \u00e9 previsto il pagamento [&hellip;]","protected":false},"author":1,"featured_media":0,"comment_status":"","ping_status":"","sticky":false,"template":"","format":"standard","meta":{"footnotes":""},"tags":[],"class_list":["post-1740","post","type-post","status-publish","format-standard","hentry"],"_links":{"self":[{"href":"https:\/\/ambbudapest.esteri.it\/it\/wp-json\/wp\/v2\/posts\/1740","targetHints":{"allow":["GET"]}}],"collection":[{"href":"https:\/\/ambbudapest.esteri.it\/it\/wp-json\/wp\/v2\/posts"}],"about":[{"href":"https:\/\/ambbudapest.esteri.it\/it\/wp-json\/wp\/v2\/types\/post"}],"author":[{"embeddable":true,"href":"https:\/\/ambbudapest.esteri.it\/it\/wp-json\/wp\/v2\/users\/1"}],"replies":[{"embeddable":true,"href":"https:\/\/ambbudapest.esteri.it\/it\/wp-json\/wp\/v2\/comments?post=1740"}],"version-history":[{"count":0,"href":"https:\/\/ambbudapest.esteri.it\/it\/wp-json\/wp\/v2\/posts\/1740\/revisions"}],"wp:attachment":[{"href":"https:\/\/ambbudapest.esteri.it\/it\/wp-json\/wp\/v2\/media?parent=1740"}],"wp:term":[{"taxonomy":"post_tag","embeddable":true,"href":"https:\/\/ambbudapest.esteri.it\/it\/wp-json\/wp\/v2\/tags?post=1740"}],"curies":[{"name":"wp","href":"https:\/\/api.w.org\/{rel}","templated":true}]}}