{"id":1279,"date":"2020-06-12T10:11:56","date_gmt":"2020-06-12T08:11:56","guid":{"rendered":"https:\/\/ambbudapest.esteri.it\/news\/dall_ambasciata\/2020\/06\/fare-cinema-3-edizione\/"},"modified":"2020-06-12T10:11:56","modified_gmt":"2020-06-12T08:11:56","slug":"fare-cinema-3-edizione","status":"publish","type":"post","link":"https:\/\/ambbudapest.esteri.it\/it\/news\/dall_ambasciata\/2020\/06\/fare-cinema-3-edizione\/","title":{"rendered":"FARE CINEMA &#8211; 3\u00b0 Edizione"},"content":{"rendered":"<p style=\"text-align: justify;\"><strong>Dal 15 al 21 giugno 2020<\/strong> ha luogo la <em><strong>3\u00b0 Edizione di FARE CINEM<\/strong><strong>A<\/strong><\/em>, la rassegna tematica dedicata alla promozione del cinema e dell&#8217;industria cinematografica italiana promossa dal <strong>Ministero degli Affari Esteri e della Cooperazione Internazionale (MAECI) in collaborazione con il MiBACT (Ministero per i Beni e le Attivit\u00e0 Culturali), l&#8217; ANICA, l\u2019 Italian Trade Agency &#8211; Budapest (ICE &#8211; Istituto Commercio Estero) ed Istituto Luce Cinecitt\u00e0.<\/strong><\/p>\n<p>Nei 2 anni precedenti la rassegna aveva visto qui in Ungheria la partecipazione di importanti \u201etestimonials\u201d quali il regista Edoardo Falcone, il direttore della fotografia Paolo Ferrari, il regista Pippo Mezzapesa ed il compositore e musicista Pasquale Catalano.<\/p>\n<p><strong>La rassegna FARE CINEMA quest\u2019anno sar\u00e0 resa disponibile interamente online.<\/strong><\/p>\n<p>L&#8217;operazione sar\u00e0 possibile grazie al partenariato con la <strong>RAI<\/strong> e <strong>RaiPlay<\/strong>.<\/p>\n<p><a href=\"https:\/\/www.raiplay.it\/fare-cinema\/?fbclid=IwAR3PSzSYX1K3bbLTHebr8cP8zf1lCHRb8Q2u4Qkg8yVjxxJuvY3vilzDH2c\"><strong>I contenuti che sono disponibili online sono sottotitolati in inglese.<\/strong><\/a><\/p>\n<p style=\"text-align: justify;\">Come per le precedenti edizioni, anche nel 2020 Fare Cinema manterr\u00e0 il focus sui &#8220;mestieri del cinema&#8221;, con l&#8217;obiettivo di dare visibilit\u00e0 e risalto alle professionalit\u00e0 che animano l&#8217;industria italiana &#8211; scelta tanto pi\u00f9 importante in questo delicato momento per il settore cinematografico e gli addetti che vi lavorano. L&#8217;edizione 2020 render\u00e0 poi omaggio alla figura di Federico Fellini, nell&#8217;anno del centenario della nascita. Sar\u00e0 dedicato ampio spazio anche alla celebrazione del centenario della nascita di Alberto Sordi.<\/p>\n<p style=\"text-align: justify;\">Ulteriore novit\u00e0 della terza edizione sar\u00e0 la celebrazione della <strong>prima Giornata mondiale del cinema italiano, <\/strong>prevista per il prossimo<strong> 20 giugno.<\/strong><\/p>\n<p style=\"text-align: justify;\">Fra i contenuti che costituiscono il programma a partire dal 15 giugno figurano tra gli altri:<\/p>\n<p style=\"text-align: justify;\">&#8211; una masterclass a cura dello sceneggiatore, regista e giornalista <strong>Gianfranco Angelucci<\/strong> dedicata al cinema di Federico Fellini;<\/p>\n<p style=\"text-align: justify;\">&#8211; due masterclass a cura del giornalista e critico cinematografico <strong>Gianni Canova<\/strong> dedicate, rispettivamente, ad Alberto Sordi e al cinema italiano contemporaneo;<\/p>\n<p style=\"text-align: justify;\">&#8211; <strong>quattordici videolezioni sui &#8220;mestieri del cinema&#8221;<\/strong> realizzate in collaborazione con le principali associazioni di categoria;<\/p>\n<p style=\"text-align: justify;\">&#8211; <strong>&#8220;La voce di Fellini&#8221;<\/strong>, spot istituzionale di Fare Cinema 2020 realizzato da Istituto Luce &#8211; Cinecitta&#8217;;<\/p>\n<p style=\"text-align: justify;\">&#8211; i cinque titoli della categoria &#8220;<strong>Miglior Cortometraggio<\/strong>&#8221; dei <em><strong>Premi David di Donatello 2020<\/strong><\/em>, grazie alla collaborazione con l&#8217;Accademia del cinema italiano;<\/p>\n<p style=\"text-align: justify;\">&#8211;<strong> tre episodi della serie &#8220;OffStage&#8221;<\/strong> (dedicata al mestiere dell&#8217;attore, realizzata con il Centro Sperimentale di Cinematografia di Roma) e <strong>tre episodi della serie &#8220;A scuola di cinema con RAI Movie&#8221;<\/strong> (dedicata al mestiere dello sceneggiatore, realizzata con l&#8217;Associazione 100Autori), resi disponibili grazie a Rai Movie;<\/p>\n<p style=\"text-align: justify;\">&#8211; i <strong>diciotto episodi della serie &#8220;Fellini in frames&#8221;<\/strong>, percorso attraverso il cinema del maestro riminese realizzato con materiale d&#8217;archivio, messi a disposizione da Istituto Luce &#8211; Cinecitta&#8217;;<\/p>\n<p style=\"text-align: justify;\">&#8211; alcuni film e documentari italiani di recente produzione (<strong>\u201cBar Giuseppe\u201d di Giulio Base; \u201cArrivederci Saigon\u201d di Wilma Labate; \u201cFellini Fine Mai\u201d di Eugenio Cappucio; \u201cBaikonour, Terra\u201d di Andrea Sorini<\/strong>) e da alcuni cortometraggi di registi esordienti italiani (\u201c<strong>Le Metamorfosi\u201d di Giuseppe Carrieri; \u201cGi\u00f9 dal vivo\u201d di Manuel Nicoletti; \u201cCreatura dove vai\u201d di Gaia Formenti e Marco Piccarreda<\/strong>).<\/p>\n","protected":false},"excerpt":{"rendered":"Dal 15 al 21 giugno 2020 ha luogo la 3\u00b0 Edizione di FARE CINEMA, la rassegna tematica dedicata alla promozione del cinema e dell&#8217;industria cinematografica italiana promossa dal Ministero degli Affari Esteri e della Cooperazione Internazionale (MAECI) in collaborazione con il MiBACT (Ministero per i Beni e le Attivit\u00e0 Culturali), l&#8217; ANICA, l\u2019 Italian Trade [&hellip;]","protected":false},"author":1,"featured_media":0,"comment_status":"","ping_status":"","sticky":false,"template":"","format":"standard","meta":{"footnotes":""},"tags":[],"class_list":["post-1279","post","type-post","status-publish","format-standard","hentry"],"_links":{"self":[{"href":"https:\/\/ambbudapest.esteri.it\/it\/wp-json\/wp\/v2\/posts\/1279","targetHints":{"allow":["GET"]}}],"collection":[{"href":"https:\/\/ambbudapest.esteri.it\/it\/wp-json\/wp\/v2\/posts"}],"about":[{"href":"https:\/\/ambbudapest.esteri.it\/it\/wp-json\/wp\/v2\/types\/post"}],"author":[{"embeddable":true,"href":"https:\/\/ambbudapest.esteri.it\/it\/wp-json\/wp\/v2\/users\/1"}],"replies":[{"embeddable":true,"href":"https:\/\/ambbudapest.esteri.it\/it\/wp-json\/wp\/v2\/comments?post=1279"}],"version-history":[{"count":0,"href":"https:\/\/ambbudapest.esteri.it\/it\/wp-json\/wp\/v2\/posts\/1279\/revisions"}],"wp:attachment":[{"href":"https:\/\/ambbudapest.esteri.it\/it\/wp-json\/wp\/v2\/media?parent=1279"}],"wp:term":[{"taxonomy":"post_tag","embeddable":true,"href":"https:\/\/ambbudapest.esteri.it\/it\/wp-json\/wp\/v2\/tags?post=1279"}],"curies":[{"name":"wp","href":"https:\/\/api.w.org\/{rel}","templated":true}]}}