{"id":1217,"date":"2020-11-11T16:12:50","date_gmt":"2020-11-11T15:12:50","guid":{"rendered":"https:\/\/ambbudapest.esteri.it\/news\/dall_ambasciata\/2020\/11\/covid-19-stato-di-emergenza-e-nuove\/"},"modified":"2020-11-11T16:12:50","modified_gmt":"2020-11-11T15:12:50","slug":"covid-19-stato-di-emergenza-e-nuove","status":"publish","type":"post","link":"https:\/\/ambbudapest.esteri.it\/it\/news\/dall_ambasciata\/2020\/11\/covid-19-stato-di-emergenza-e-nuove\/","title":{"rendered":"COVID-19 &#8211; Stato di emergenza e nuove misure restrittive"},"content":{"rendered":"<p>Il Parlamento ungherese ha dichiarato lo stato d&#8217;emergenza, che attribuisce poteri speciali al Governo per il contrasto alla diffusione del COVID-19. Parallelamente sono state varate ulteriori misure restrittive, tra le quali si segnalano le seguenti, aventi particolare impatto sulla vita quotidiana:<\/p>\n<p>&#8211; obbligo d\u2019uso della mascherina nelle aree pubbliche di insediamenti con pi\u00f9 di 10.000 abitanti (sono esclusi i bambini di et\u00e0 inferiore ai sei anni). Non \u00e8 obbligatorio indossare la mascherina durante le attivit\u00e0 sportive o nei parchi o aree verdi;<\/p>\n<p>&#8211; coprifuoco dalle ore 20:00 alle ore 5:00 (\u00e8 permesso uscire solo per motivi di lavoro, per emergenza sanitaria o per portare fuori i cani);<\/p>\n<p>&#8211; chiusura ristoranti e bar. Possibile la consegna a domicilio;<\/p>\n<p>&#8211; scuole superiori di secondo grado e universit\u00e0 in educazione digitale, scuole elementari (fino ai 14 anni di et\u00e0) e asili nido rimangono aperti;<\/p>\n<p>&#8211; tutti i raduni sono vietati;<\/p>\n<p>&#8211; negozi, parrucchieri e altri piccoli fornitori di servizi artigianali chiudono alle ore 19:00;<\/p>\n<p>&#8211;\u00a0divieto generale di tenere eventi: alle riunioni di famiglia ed eventi privati possono essere presenti al massimo dieci persone, i matrimoni sono possibili senza festeggiamenti con la presenza del capo della celebrazione o dell\u2019ufficiale dello stato civile, dei testimoni dei nubendi, dei genitori, nonni dei nubendi, dei fratelli dei nubendi e dei figli dei nubendi;<\/p>\n<p>&#8211; le gare sportive possono tenersi a porte chiuse, gli sport individuali sono ammessi all&#8217;aperto, ma gli sport di squadra amatoriali sono vietati. Le strutture per il tempo libero &#8211; sala fitness, piscina coperta, musei, teatri, zoo &#8211; sono chiuse;<\/p>\n<p>&#8211; gli alberghi possono ricevere solo donne e uomini d&#8217;affari, ma non turisti.<\/p>\n<p>I decreti tradotti verranno a breve pubblicati nella sezione <a href=\"..\/ambasciata_budapest\/it\/in_linea_con_utente\/misure-adottate-in-ungheria.html\">Misure adottate in Ungheria<\/a>.<\/p>\n","protected":false},"excerpt":{"rendered":"Il Parlamento ungherese ha dichiarato lo stato d&#8217;emergenza, che attribuisce poteri speciali al Governo per il contrasto alla diffusione del COVID-19. Parallelamente sono state varate ulteriori misure restrittive, tra le quali si segnalano le seguenti, aventi particolare impatto sulla vita quotidiana: &#8211; obbligo d\u2019uso della mascherina nelle aree pubbliche di insediamenti con pi\u00f9 di 10.000 [&hellip;]","protected":false},"author":1,"featured_media":0,"comment_status":"","ping_status":"","sticky":false,"template":"","format":"standard","meta":{"footnotes":""},"tags":[],"class_list":["post-1217","post","type-post","status-publish","format-standard","hentry"],"_links":{"self":[{"href":"https:\/\/ambbudapest.esteri.it\/it\/wp-json\/wp\/v2\/posts\/1217","targetHints":{"allow":["GET"]}}],"collection":[{"href":"https:\/\/ambbudapest.esteri.it\/it\/wp-json\/wp\/v2\/posts"}],"about":[{"href":"https:\/\/ambbudapest.esteri.it\/it\/wp-json\/wp\/v2\/types\/post"}],"author":[{"embeddable":true,"href":"https:\/\/ambbudapest.esteri.it\/it\/wp-json\/wp\/v2\/users\/1"}],"replies":[{"embeddable":true,"href":"https:\/\/ambbudapest.esteri.it\/it\/wp-json\/wp\/v2\/comments?post=1217"}],"version-history":[{"count":0,"href":"https:\/\/ambbudapest.esteri.it\/it\/wp-json\/wp\/v2\/posts\/1217\/revisions"}],"wp:attachment":[{"href":"https:\/\/ambbudapest.esteri.it\/it\/wp-json\/wp\/v2\/media?parent=1217"}],"wp:term":[{"taxonomy":"post_tag","embeddable":true,"href":"https:\/\/ambbudapest.esteri.it\/it\/wp-json\/wp\/v2\/tags?post=1217"}],"curies":[{"name":"wp","href":"https:\/\/api.w.org\/{rel}","templated":true}]}}