{"id":1182,"date":"2021-03-04T16:29:46","date_gmt":"2021-03-04T15:29:46","guid":{"rendered":"https:\/\/ambbudapest.esteri.it\/news\/dall_ambasciata\/2021\/03\/lockdown-temporaneo-dall-8-marzo\/"},"modified":"2021-03-04T16:29:46","modified_gmt":"2021-03-04T15:29:46","slug":"lockdown-temporaneo-dall-8-marzo","status":"publish","type":"post","link":"https:\/\/ambbudapest.esteri.it\/it\/news\/dall_ambasciata\/2021\/03\/lockdown-temporaneo-dall-8-marzo\/","title":{"rendered":"LOCKDOWN TEMPORANEO DALL&#8217;8 MARZO"},"content":{"rendered":"<p>Alla luce del peggioramento della curva epidemiologica in Ungheria, il Ministro dell&#8217;Ufficio del Primo ministro, Gergely Gulyas, ha\u00a0 annunciato l&#8217;istituzione da parte del Governo di un lockdown temporaneo della durata, per il momento, di due settimane per tutti i settori economico-commerciali e di 1 mese per la scuola. Di seguito\u00a0le nuove misure introdotte, che entreranno in vigore a partire da lunedi&#8217; 8 marzo:<\/p>\n<p>&#8211; scuole e asili nidi resteranno chiusi fino al 7 aprile, le scuole funzioneranno in educazione digitale. L&#8217;universita&#8217;, in didattica a distanza da novembre scorso, continuer\u00e0 ad operare in tale modalit\u00e0;<br \/>&#8211; i negozi saranno chiusi fino al 22 marzo (rimangono aperti solo i negozi di beni alimentari, farmacie e distributori di benzina);<br \/>&#8211; le palestre verranno chiuse fino al 22 marzo;<br \/>&#8211; sospesa l&#8217;attivit\u00e0 di tutti i fornitori di servizi fino al 22 marzo, ad esclusione del settore sanit\u00e0;<br \/>&#8211; sono state preannunciate regole pi\u00f9 severe per quanto riguarda la chiusura delle frontiere, ancora in corso di definizione;<br \/>&#8211; i parchi rimangono aperti e sar\u00e0 possibile svolgere attivit\u00e0 sportiva all&#8217;aperto, rispettando il distanziamento sociale. L&#8217;allenamento degli atleti professionisti potr\u00e0 avere luogo a porte chiuse;<br \/>&#8211; ogni datore di lavoro dovr\u00e0 garantire il lavoro agile, laddove possibile;<br \/>&#8211; ribadita l&#8217;obbligatoriet\u00e0 dell&#8217;uso della mascherina, anche all&#8217;aperto;<br \/>&#8211; il sistema dei ristori viene esteso ai settori interessati dalle nuove chiusure.<\/p>\n<p>Visitate la sezione <a href=\"..\/ambasciata_budapest\/it\/in_linea_con_utente\/misure-adottate-in-ungheria.html\">misure adottate in Ungheria<\/a> della nostra <a href=\"it\/in_linea_con_utente\/covid-19.html\">sezione Coronavirus<\/a>, che \u00e8 stata conseguentemente aggiornata.<\/p>\n","protected":false},"excerpt":{"rendered":"Alla luce del peggioramento della curva epidemiologica in Ungheria, il Ministro dell&#8217;Ufficio del Primo ministro, Gergely Gulyas, ha\u00a0 annunciato l&#8217;istituzione da parte del Governo di un lockdown temporaneo della durata, per il momento, di due settimane per tutti i settori economico-commerciali e di 1 mese per la scuola. Di seguito\u00a0le nuove misure introdotte, che entreranno [&hellip;]","protected":false},"author":1,"featured_media":0,"comment_status":"","ping_status":"","sticky":false,"template":"","format":"standard","meta":{"footnotes":""},"tags":[],"class_list":["post-1182","post","type-post","status-publish","format-standard","hentry"],"_links":{"self":[{"href":"https:\/\/ambbudapest.esteri.it\/it\/wp-json\/wp\/v2\/posts\/1182","targetHints":{"allow":["GET"]}}],"collection":[{"href":"https:\/\/ambbudapest.esteri.it\/it\/wp-json\/wp\/v2\/posts"}],"about":[{"href":"https:\/\/ambbudapest.esteri.it\/it\/wp-json\/wp\/v2\/types\/post"}],"author":[{"embeddable":true,"href":"https:\/\/ambbudapest.esteri.it\/it\/wp-json\/wp\/v2\/users\/1"}],"replies":[{"embeddable":true,"href":"https:\/\/ambbudapest.esteri.it\/it\/wp-json\/wp\/v2\/comments?post=1182"}],"version-history":[{"count":0,"href":"https:\/\/ambbudapest.esteri.it\/it\/wp-json\/wp\/v2\/posts\/1182\/revisions"}],"wp:attachment":[{"href":"https:\/\/ambbudapest.esteri.it\/it\/wp-json\/wp\/v2\/media?parent=1182"}],"wp:term":[{"taxonomy":"post_tag","embeddable":true,"href":"https:\/\/ambbudapest.esteri.it\/it\/wp-json\/wp\/v2\/tags?post=1182"}],"curies":[{"name":"wp","href":"https:\/\/api.w.org\/{rel}","templated":true}]}}