{"id":1179,"date":"2021-03-19T12:24:30","date_gmt":"2021-03-19T11:24:30","guid":{"rendered":"https:\/\/ambbudapest.esteri.it\/news\/dall_ambasciata\/2021\/03\/estensione-al-28-marzo-delle-misure\/"},"modified":"2021-03-19T12:24:30","modified_gmt":"2021-03-19T11:24:30","slug":"estensione-al-28-marzo-delle-misure","status":"publish","type":"post","link":"https:\/\/ambbudapest.esteri.it\/it\/news\/dall_ambasciata\/2021\/03\/estensione-al-28-marzo-delle-misure\/","title":{"rendered":"ESTENSIONE AL 28 MARZO DELLE MISURE RESTRITTIVE"},"content":{"rendered":"<p>Il Primo Ministro Viktor Orb\u00e1n, nel corso di un&#8217;intervista radiofonica, ha annunciato il prolungamento delle restrizioni in vigore a livello nazionale per un&#8217;ulteriore settimana, fino al 28 marzo. Il Primo Ministro ha inoltre invitato tutti i cittadini a seguire le regole e ridurre al minimo il numero di contatti, al fine di contenere la diffusione del virus. Ha sottolineato che nonostante il costante aumento dei contagi, sono ancora disponibili 10.000 posti letto negli ospedali e 1.618 unit\u00e0 di terapia intensiva.<\/p>\n<p>Sul possibile avvio di una fase di riapertura, secondo le parole del Primo Ministro, molto dipender\u00e0 dai risultati del piano vaccinale. Non vi \u00e8 ancora una data specifica, ma sar\u00e0 necessario attendere che almeno 2,5 milioni di persone siano state vaccinate. Le festivit\u00e0 di Pasqua potrebbero comportare ulteriori rischi a livello epidemiologico, per cui eventuali decisioni in merito verranno prese pi\u00f9 a ridosso della Festivit\u00e0.<\/p>\n","protected":false},"excerpt":{"rendered":"Il Primo Ministro Viktor Orb\u00e1n, nel corso di un&#8217;intervista radiofonica, ha annunciato il prolungamento delle restrizioni in vigore a livello nazionale per un&#8217;ulteriore settimana, fino al 28 marzo. Il Primo Ministro ha inoltre invitato tutti i cittadini a seguire le regole e ridurre al minimo il numero di contatti, al fine di contenere la diffusione [&hellip;]","protected":false},"author":1,"featured_media":0,"comment_status":"","ping_status":"","sticky":false,"template":"","format":"standard","meta":{"footnotes":""},"tags":[],"class_list":["post-1179","post","type-post","status-publish","format-standard","hentry"],"_links":{"self":[{"href":"https:\/\/ambbudapest.esteri.it\/it\/wp-json\/wp\/v2\/posts\/1179","targetHints":{"allow":["GET"]}}],"collection":[{"href":"https:\/\/ambbudapest.esteri.it\/it\/wp-json\/wp\/v2\/posts"}],"about":[{"href":"https:\/\/ambbudapest.esteri.it\/it\/wp-json\/wp\/v2\/types\/post"}],"author":[{"embeddable":true,"href":"https:\/\/ambbudapest.esteri.it\/it\/wp-json\/wp\/v2\/users\/1"}],"replies":[{"embeddable":true,"href":"https:\/\/ambbudapest.esteri.it\/it\/wp-json\/wp\/v2\/comments?post=1179"}],"version-history":[{"count":0,"href":"https:\/\/ambbudapest.esteri.it\/it\/wp-json\/wp\/v2\/posts\/1179\/revisions"}],"wp:attachment":[{"href":"https:\/\/ambbudapest.esteri.it\/it\/wp-json\/wp\/v2\/media?parent=1179"}],"wp:term":[{"taxonomy":"post_tag","embeddable":true,"href":"https:\/\/ambbudapest.esteri.it\/it\/wp-json\/wp\/v2\/tags?post=1179"}],"curies":[{"name":"wp","href":"https:\/\/api.w.org\/{rel}","templated":true}]}}