{"id":1173,"date":"2021-03-24T09:54:01","date_gmt":"2021-03-24T08:54:01","guid":{"rendered":"https:\/\/ambbudapest.esteri.it\/news\/dall_ambasciata\/2021\/03\/venezia-antica-citta-di-terra-e\/"},"modified":"2021-03-24T09:54:01","modified_gmt":"2021-03-24T08:54:01","slug":"venezia-antica-citta-di-terra-e","status":"publish","type":"post","link":"https:\/\/ambbudapest.esteri.it\/it\/news\/dall_ambasciata\/2021\/03\/venezia-antica-citta-di-terra-e\/","title":{"rendered":"VENEZIA, ANTICA CITT\u00c0 DI TERRA E DI ACQUA, CELEBRA OGGI 1600 ANNI!"},"content":{"rendered":"<p>Il 25 marzo dell\u2019anno 421 D.C. \u00e8 comunemente riconosciuto come la data di fondazione della Citt\u00e0 di Venezia.<br \/>La Citt\u00e0 di Venezia, per l\u2019occasione, ha predisposto una serie di eventi e manifestazioni organizzate da enti, istituzioni e associazioni, non solo in Italia ma anche in altri Paesi europei ed extraeuropeoi, per promuovere il ricco patrimonio storico e culturale della citt\u00e0 lagunare.<br \/>Per maggiori informazioni, visitate<\/p>\n<p>il sito ufficiale: https:\/\/1600.venezia.it\/<\/p>\n<p>ed i social:<\/p>\n<p>TW: https:\/\/twitter.com\/Venezia1600<\/p>\n<p>FB: https:\/\/www.facebook.com\/venezia1600<\/p>\n<p>IG: https:\/\/www.instagram.com\/venezia1600_official\/<\/p>\n","protected":false},"excerpt":{"rendered":"Il 25 marzo dell\u2019anno 421 D.C. \u00e8 comunemente riconosciuto come la data di fondazione della Citt\u00e0 di Venezia.La Citt\u00e0 di Venezia, per l\u2019occasione, ha predisposto una serie di eventi e manifestazioni organizzate da enti, istituzioni e associazioni, non solo in Italia ma anche in altri Paesi europei ed extraeuropeoi, per promuovere il ricco patrimonio storico [&hellip;]","protected":false},"author":1,"featured_media":0,"comment_status":"","ping_status":"","sticky":false,"template":"","format":"standard","meta":{"footnotes":""},"tags":[],"class_list":["post-1173","post","type-post","status-publish","format-standard","hentry"],"_links":{"self":[{"href":"https:\/\/ambbudapest.esteri.it\/it\/wp-json\/wp\/v2\/posts\/1173","targetHints":{"allow":["GET"]}}],"collection":[{"href":"https:\/\/ambbudapest.esteri.it\/it\/wp-json\/wp\/v2\/posts"}],"about":[{"href":"https:\/\/ambbudapest.esteri.it\/it\/wp-json\/wp\/v2\/types\/post"}],"author":[{"embeddable":true,"href":"https:\/\/ambbudapest.esteri.it\/it\/wp-json\/wp\/v2\/users\/1"}],"replies":[{"embeddable":true,"href":"https:\/\/ambbudapest.esteri.it\/it\/wp-json\/wp\/v2\/comments?post=1173"}],"version-history":[{"count":0,"href":"https:\/\/ambbudapest.esteri.it\/it\/wp-json\/wp\/v2\/posts\/1173\/revisions"}],"wp:attachment":[{"href":"https:\/\/ambbudapest.esteri.it\/it\/wp-json\/wp\/v2\/media?parent=1173"}],"wp:term":[{"taxonomy":"post_tag","embeddable":true,"href":"https:\/\/ambbudapest.esteri.it\/it\/wp-json\/wp\/v2\/tags?post=1173"}],"curies":[{"name":"wp","href":"https:\/\/api.w.org\/{rel}","templated":true}]}}