{"id":1136,"date":"2021-05-04T08:53:21","date_gmt":"2021-05-04T06:53:21","guid":{"rendered":"https:\/\/ambbudapest.esteri.it\/news\/dall_ambasciata\/2021\/05\/certificati-d-immunita-indicazioni\/"},"modified":"2021-05-04T08:53:21","modified_gmt":"2021-05-04T06:53:21","slug":"certificati-d-immunita-indicazioni","status":"publish","type":"post","link":"https:\/\/ambbudapest.esteri.it\/it\/news\/dall_ambasciata\/2021\/05\/certificati-d-immunita-indicazioni\/","title":{"rendered":"CERTIFICATI D\u2019IMMUNIT\u00c0: INDICAZIONI DELL\u2019UFFICIALE MEDICO CAPO"},"content":{"rendered":"<p style=\"text-align: justify;\">Si porta all\u2019attenzione dei connazionali interessati, l\u2019estratto tradotto di un comunicato governativo di Cecilia M\u00fcller, ufficiale medico capo (<a href=\"https:\/\/koronavirus.gov.hu\/cikkek\/idopontfoglalas-nelkul-intezhetok-vedettsegi-igazolvannyal-kapcsolatos-ugyek\">https:\/\/koronavirus.gov.hu\/cikkek\/idopontfoglalas-nelkul-intezhetok-vedettsegi-igazolvannyal-kapcsolatos-ugyek<\/a>).<\/p>\n<p style=\"margin-left: 30px; text-align: justify;\">Finora sono stati prodotti circa 4,2 milioni di patentini (3,6 milioni ai vaccinati e 660 mila a chi ha avuto la malattia: per questi ultimi il tesserino ha una scadenza di 6 mesi, mentre per i primi non c&#8217;\u00e8 scadenza).<\/p>\n<p style=\"margin-left: 30px; text-align: justify;\">Chi non l&#8217;avesse ancora ricevuto, come primo passo dovrebbe verificare sul sito <a href=\"https:\/\/www.eeszt.gov.hu\/\">https:\/\/www.eeszt.gov.hu\/<\/a> l\u2019avvenuta registrazione della somministrazione del vaccino; se dopo diversi giorni ancora non vi fosse, sarebbe necessario rivolgersi al medico di base o all&#8217;ambulatorio dove \u00e8 avvenuta la vaccinazione per farla registrare.<\/p>\n<p style=\"margin-left: 30px; text-align: justify;\">Se invece la somministrazione \u00e8 stata registrata, occorrere rivolgersi agli uffici governativi, o per via elettronica (attraverso il portale <a href=\"http:\/\/www.magyarorszag.hu\">www.magyarorszag.hu<\/a>) o di persona agli sportelli (Korm\u00e1nyablak), ai quali \u00e8 ora possibile accedere senza previo appuntamento.<\/p>\n<p style=\"margin-left: 30px; text-align: justify;\">Gli uffici verificheranno caso per caso se il tesserino \u00e8 stato prodotto e a quale indirizzo \u00e8 stato recapitato e &#8211; nei casi in cui si \u00e8 verificato un disguido &#8211; provvederanno alla sostituzione del documento non prodotto o smarrito. Anche in questo caso la nuova tessera verr\u00e0 recapitata per posta.<\/p>\n","protected":false},"excerpt":{"rendered":"Si porta all\u2019attenzione dei connazionali interessati, l\u2019estratto tradotto di un comunicato governativo di Cecilia M\u00fcller, ufficiale medico capo (https:\/\/koronavirus.gov.hu\/cikkek\/idopontfoglalas-nelkul-intezhetok-vedettsegi-igazolvannyal-kapcsolatos-ugyek). Finora sono stati prodotti circa 4,2 milioni di patentini (3,6 milioni ai vaccinati e 660 mila a chi ha avuto la malattia: per questi ultimi il tesserino ha una scadenza di 6 mesi, mentre per i [&hellip;]","protected":false},"author":1,"featured_media":0,"comment_status":"","ping_status":"","sticky":false,"template":"","format":"standard","meta":{"footnotes":""},"tags":[],"class_list":["post-1136","post","type-post","status-publish","format-standard","hentry"],"_links":{"self":[{"href":"https:\/\/ambbudapest.esteri.it\/it\/wp-json\/wp\/v2\/posts\/1136","targetHints":{"allow":["GET"]}}],"collection":[{"href":"https:\/\/ambbudapest.esteri.it\/it\/wp-json\/wp\/v2\/posts"}],"about":[{"href":"https:\/\/ambbudapest.esteri.it\/it\/wp-json\/wp\/v2\/types\/post"}],"author":[{"embeddable":true,"href":"https:\/\/ambbudapest.esteri.it\/it\/wp-json\/wp\/v2\/users\/1"}],"replies":[{"embeddable":true,"href":"https:\/\/ambbudapest.esteri.it\/it\/wp-json\/wp\/v2\/comments?post=1136"}],"version-history":[{"count":0,"href":"https:\/\/ambbudapest.esteri.it\/it\/wp-json\/wp\/v2\/posts\/1136\/revisions"}],"wp:attachment":[{"href":"https:\/\/ambbudapest.esteri.it\/it\/wp-json\/wp\/v2\/media?parent=1136"}],"wp:term":[{"taxonomy":"post_tag","embeddable":true,"href":"https:\/\/ambbudapest.esteri.it\/it\/wp-json\/wp\/v2\/tags?post=1136"}],"curies":[{"name":"wp","href":"https:\/\/api.w.org\/{rel}","templated":true}]}}