{"id":1007,"date":"2022-08-29T11:44:55","date_gmt":"2022-08-29T09:44:55","guid":{"rendered":"https:\/\/ambbudapest.esteri.it\/news\/dall_ambasciata\/2022\/08\/youth4climate-powering-action\/"},"modified":"2022-08-29T11:44:55","modified_gmt":"2022-08-29T09:44:55","slug":"youth4climate-powering-action","status":"publish","type":"post","link":"https:\/\/ambbudapest.esteri.it\/it\/news\/dall_ambasciata\/2022\/08\/youth4climate-powering-action\/","title":{"rendered":"YOUTH4CLIMATE: POWERING ACTION"},"content":{"rendered":"<p>Il Governo italiano e l\u2019Agenzia ONU \u201cUnited Nation Development Programme (UNDP)\u201d ospiteranno a New York il prossimo 20 settembre, in occasione della 77ma Assemblea Generale delle Nazioni Unite, l&#8217;evento &#8220;<strong>YOUTH4CLIMATE: POWERING ACTION<\/strong>&#8221; che prevede la partecipazione di oltre 150 giovani provenienti da tutto il mondo.<\/p>\n<p>L&#8217;iniziativa segue idealmente il meeting internazionale &#8220;YOUTH4CLIMATE: DRIVING AMBITION&#8221; svoltosi lo scorso anno a Milano a margine della PreCop, nell&#8217;ambito dell&#8217;accordo di partenariato con il Regno Unito per la Presidenza COP26, sede in cui oltre 400 giovani hanno dibattuto alcuni dei temi pi\u00f9 urgenti connessi alla crisi climatica. I risultati degli incontri e delle proposte emerse sono stati presentati alla COP26 e sono confluiti nel documento di sintesi: il &#8220;<a href=\"https:\/\/www.youth4climate.info\/sites\/default\/files\/2022-05\/Youth4Climate_Manifesto.pdf\">Manifesto Youth4Climate<\/a>&#8220;.<\/p>\n<p>Il successo dell&#8217;incontro di Milano ha reso YOUTH4CLIMATE un&#8217;iniziativa globale, guidata dalla partnership Italia-UNDP, con una visione strategica di lungo periodo orientata a:<\/p>\n<p>&#8211; consentire la condivisione di conoscenze, opportunit\u00e0, formazione, esperienze e risorse, attraverso uno spazio virtuale aperto ai giovani, in una prospettiva multi-attoriale, costruito con i giovani e co-guidato da loro;<\/p>\n<p>&#8211; promuovere l&#8217;azione per il clima e per lo sviluppo sostenibile, attraverso l&#8217;identificazione e il sostegno di soluzioni concrete e innovative guidate dai giovani;<\/p>\n<p>&#8211; favorire la creazione di un ambiente inclusivo e sostenibile, che valorizzi la pluralit\u00e0 di capacit\u00e0 ed esperienze, soprattutto dei pi\u00f9 vulnerabili e delle comunit\u00e0 indigene, per guidare l&#8217;azione per il clima e lo sviluppo sostenibile a livello nazionale, regionale e multilaterale.<\/p>\n<p>Per maggiori informazioni sull\u2019iniziativa, gli interessati potranno consultare i seguenti siti:<\/p>\n<p>\u2022 https:\/\/www.youth4climate.info\/<br \/>\u2022 https:\/\/trello.com\/b\/R2u6e6yX\/youth4climate-powering-action<br \/>\u2022 https:\/\/www.mite.gov.it\/comunicati\/youth4climate-powering-action-0<\/p>\n","protected":false},"excerpt":{"rendered":"Il Governo italiano e l\u2019Agenzia ONU \u201cUnited Nation Development Programme (UNDP)\u201d ospiteranno a New York il prossimo 20 settembre, in occasione della 77ma Assemblea Generale delle Nazioni Unite, l&#8217;evento &#8220;YOUTH4CLIMATE: POWERING ACTION&#8221; che prevede la partecipazione di oltre 150 giovani provenienti da tutto il mondo. L&#8217;iniziativa segue idealmente il meeting internazionale &#8220;YOUTH4CLIMATE: DRIVING AMBITION&#8221; svoltosi [&hellip;]","protected":false},"author":1,"featured_media":0,"comment_status":"","ping_status":"","sticky":false,"template":"","format":"standard","meta":{"footnotes":""},"tags":[],"class_list":["post-1007","post","type-post","status-publish","format-standard","hentry"],"_links":{"self":[{"href":"https:\/\/ambbudapest.esteri.it\/it\/wp-json\/wp\/v2\/posts\/1007","targetHints":{"allow":["GET"]}}],"collection":[{"href":"https:\/\/ambbudapest.esteri.it\/it\/wp-json\/wp\/v2\/posts"}],"about":[{"href":"https:\/\/ambbudapest.esteri.it\/it\/wp-json\/wp\/v2\/types\/post"}],"author":[{"embeddable":true,"href":"https:\/\/ambbudapest.esteri.it\/it\/wp-json\/wp\/v2\/users\/1"}],"replies":[{"embeddable":true,"href":"https:\/\/ambbudapest.esteri.it\/it\/wp-json\/wp\/v2\/comments?post=1007"}],"version-history":[{"count":0,"href":"https:\/\/ambbudapest.esteri.it\/it\/wp-json\/wp\/v2\/posts\/1007\/revisions"}],"wp:attachment":[{"href":"https:\/\/ambbudapest.esteri.it\/it\/wp-json\/wp\/v2\/media?parent=1007"}],"wp:term":[{"taxonomy":"post_tag","embeddable":true,"href":"https:\/\/ambbudapest.esteri.it\/it\/wp-json\/wp\/v2\/tags?post=1007"}],"curies":[{"name":"wp","href":"https:\/\/api.w.org\/{rel}","templated":true}]}}