{"id":960,"date":"2023-09-05T14:59:15","date_gmt":"2023-09-05T12:59:15","guid":{"rendered":"https:\/\/ambbudapest.esteri.it\/news\/dall_ambasciata\/2023\/09\/techchill-milano-evento-internazionale-2\/"},"modified":"2023-11-22T17:27:00","modified_gmt":"2023-11-22T16:27:00","slug":"techchill-milano-evento-internazionale-2","status":"publish","type":"post","link":"https:\/\/ambbudapest.esteri.it\/hu\/news\/dall_ambasciata\/2023\/09\/techchill-milano-evento-internazionale-2\/","title":{"rendered":"TechChill Milano, a start-up \u00f6kosziszt\u00e9ma \u00e9s v\u00e1llalkoz\u00e1sok nemzetk\u00f6zi rendezv\u00e9nye &#8211; Mil\u00e1n\u00f3, 2023. szeptember 25-27."},"content":{"rendered":"<p style=\"text-align: justify;\">A TechChill Milano 2023. szeptember 25-\u00e9n egy sor k\u00eds\u00e9r\u0151 rendezv\u00e9nnyel (mesterkurzusok, workshopok, networking stb.) veszi kezdet\u00e9t Mil\u00e1n\u00f3ban.<\/p>\n<p>Ezt k\u00f6vet\u0151en szeptember 26-27-\u00e9n a Bocconi Egyetem vil\u00e1gh\u00edr\u0171 el\u0151ad\u00f3kat l\u00e1t vend\u00e9g\u00fcl, akik sz\u00ednpadra l\u00e9pve osztj\u00e1k meg majd tud\u00e1sukat.<\/p>\n<p>A rendezv\u00e9ny sz\u00e9lesk\u00f6r\u0171 vit\u00e1knak ad teret, a startup-alap\u00edt\u00e1st\u00f3l, az olasz \u00f6kosziszt\u00e9m\u00e1ig \u00e9s a korm\u00e1nyzati t\u00e1mogat\u00e1sig, az \u00e9lelmiszer \u00e1gazat, a divat \u00e9s a fogyaszt\u00f3i technol\u00f3gia leg\u00fajabb innov\u00e1ci\u00f3iig terjed\u0151en. Olyan t\u00e9m\u00e1k is sz\u00f3ba ker\u00fclnek, mint az \u0171rkutat\u00e1s, a robotika, az automatiz\u00e1l\u00e1s \u00e9s a fenntarthat\u00f3s\u00e1g.<\/p>\n<p>Honlap:\u00a0<a style=\"text-align: justify;\" href=\"https:\/\/www.techchillmilano.co\/\">https:\/\/www.techchillmilano.co\/<\/a><\/p>\n<p>Regisztr\u00e1ci\u00f3:\u00a0<a style=\"text-align: justify;\" href=\"https:\/\/www.techchillmilano.co\/get-a-pass\">https:\/\/www.techchillmilano.co\/get-a-pass<\/a><\/p>\n","protected":false},"excerpt":{"rendered":"A TechChill Milano 2023. szeptember 25-\u00e9n egy sor k\u00eds\u00e9r\u0151 rendezv\u00e9nnyel (mesterkurzusok, workshopok, networking stb.) veszi kezdet\u00e9t Mil\u00e1n\u00f3ban. Ezt k\u00f6vet\u0151en szeptember 26-27-\u00e9n a Bocconi Egyetem vil\u00e1gh\u00edr\u0171 el\u0151ad\u00f3kat l\u00e1t vend\u00e9g\u00fcl, akik sz\u00ednpadra l\u00e9pve osztj\u00e1k meg majd tud\u00e1sukat. A rendezv\u00e9ny sz\u00e9lesk\u00f6r\u0171 vit\u00e1knak ad teret, a startup-alap\u00edt\u00e1st\u00f3l, az olasz \u00f6kosziszt\u00e9m\u00e1ig \u00e9s a korm\u00e1nyzati t\u00e1mogat\u00e1sig, az \u00e9lelmiszer \u00e1gazat, a divat [&hellip;]","protected":false},"author":1,"featured_media":0,"comment_status":"closed","ping_status":"closed","sticky":false,"template":"","format":"standard","meta":{"footnotes":""},"tags":[],"class_list":["post-960","post","type-post","status-publish","format-standard","hentry"],"_links":{"self":[{"href":"https:\/\/ambbudapest.esteri.it\/hu\/wp-json\/wp\/v2\/posts\/960","targetHints":{"allow":["GET"]}}],"collection":[{"href":"https:\/\/ambbudapest.esteri.it\/hu\/wp-json\/wp\/v2\/posts"}],"about":[{"href":"https:\/\/ambbudapest.esteri.it\/hu\/wp-json\/wp\/v2\/types\/post"}],"author":[{"embeddable":true,"href":"https:\/\/ambbudapest.esteri.it\/hu\/wp-json\/wp\/v2\/users\/1"}],"replies":[{"embeddable":true,"href":"https:\/\/ambbudapest.esteri.it\/hu\/wp-json\/wp\/v2\/comments?post=960"}],"version-history":[{"count":1,"href":"https:\/\/ambbudapest.esteri.it\/hu\/wp-json\/wp\/v2\/posts\/960\/revisions"}],"predecessor-version":[{"id":2014,"href":"https:\/\/ambbudapest.esteri.it\/hu\/wp-json\/wp\/v2\/posts\/960\/revisions\/2014"}],"wp:attachment":[{"href":"https:\/\/ambbudapest.esteri.it\/hu\/wp-json\/wp\/v2\/media?parent=960"}],"wp:term":[{"taxonomy":"post_tag","embeddable":true,"href":"https:\/\/ambbudapest.esteri.it\/hu\/wp-json\/wp\/v2\/tags?post=960"}],"curies":[{"name":"wp","href":"https:\/\/api.w.org\/{rel}","templated":true}]}}