{"id":953,"date":"2023-11-10T10:36:36","date_gmt":"2023-11-10T09:36:36","guid":{"rendered":"https:\/\/ambbudapest.esteri.it\/news\/dall_ambasciata\/2023\/11\/ottava-edizione-della-settimana_0-2\/"},"modified":"2023-11-22T17:27:28","modified_gmt":"2023-11-22T16:27:28","slug":"ottava-edizione-della-settimana_0-2","status":"publish","type":"post","link":"https:\/\/ambbudapest.esteri.it\/hu\/news\/dall_ambasciata\/2023\/11\/ottava-edizione-della-settimana_0-2\/","title":{"rendered":"NYOLCADIK OLASZ GASZTRON\u00d3MIAI VIL\u00c1GH\u00c9T"},"content":{"rendered":"<p style=\"text-align: justify;\">2023. november 13. e\u0301s 19. ko\u0308zo\u0308tt ide\u0301n is egyu\u0308tt u\u0308nnepelju\u0308k az Olasz Gasztrono\u0301miai Vila\u0301ghetet.<\/p>\n<p style=\"text-align: justify;\">Az imma\u0301r nyolcadik alkalommal megrendezett \u201cTeri\u0301te\u0301ken az olasz konyha: jo\u0301i\u0301zu\u030ben ege\u0301szse\u0301ges\u201d ci\u0301mu\u030b eseme\u0301ny a turisztika vonzereje\u0301vel, a vide\u0301ki ta\u0301jak bemutata\u0301sa\u0301val egybefono\u0301dva az olasz e\u0301tel- e\u0301s borkiva\u0301lo\u0301sa\u0301gok integra\u0301lt promo\u0301cio\u0301ja\u0301nak fontos re\u0301sze, mely kiemelt szerepet szentel a mediterra\u0301n die\u0301ta, az ege\u0301szse\u0301g, a jo\u0301lle\u0301t e\u0301s a sport ko\u0308zo\u0308tti kapcsolatnak, valamint az oltalom alatt a\u0301llo\u0301 e\u0301s elleno\u030brzo\u0308tt megneveze\u0301su\u030b terme\u0301kek ve\u0301delme\u0301nek.<\/p>\n<p style=\"text-align: justify;\">A tematikus esem\u00e9ny lehet\u0151s\u00e9get ny\u00fajt arra is, hogy megismertess\u00fck az &#8222;olasz konyha&#8221; UNESCO szellemi kultur\u00e1lis \u00f6r\u00f6ks\u00e9g\u00e9nek reprezentat\u00edv list\u00e1j\u00e1ra val\u00f3 felker\u00fcl\u00e9s\u00e9re vonatkoz\u00f3 jel\u00f6l\u00e9st.<\/p>\n<p>A gasztron\u00f3miai vil\u00e1gh\u00e9tr\u0151l sz\u00f3l\u00f3 t\u00e1j\u00e9koztat\u00f3\u00e9rt kattints <a href=\"hu\/ambasciata\/ambasciatore\/ottava-edizione-della-settimana.html\">ide<\/a><\/p>\n","protected":false},"excerpt":{"rendered":"2023. november 13. e\u0301s 19. ko\u0308zo\u0308tt ide\u0301n is egyu\u0308tt u\u0308nnepelju\u0308k az Olasz Gasztrono\u0301miai Vila\u0301ghetet. Az imma\u0301r nyolcadik alkalommal megrendezett \u201cTeri\u0301te\u0301ken az olasz konyha: jo\u0301i\u0301zu\u030ben ege\u0301szse\u0301ges\u201d ci\u0301mu\u030b eseme\u0301ny a turisztika vonzereje\u0301vel, a vide\u0301ki ta\u0301jak bemutata\u0301sa\u0301val egybefono\u0301dva az olasz e\u0301tel- e\u0301s borkiva\u0301lo\u0301sa\u0301gok integra\u0301lt promo\u0301cio\u0301ja\u0301nak fontos re\u0301sze, mely kiemelt szerepet szentel a mediterra\u0301n die\u0301ta, az ege\u0301szse\u0301g, a jo\u0301lle\u0301t [&hellip;]","protected":false},"author":1,"featured_media":0,"comment_status":"closed","ping_status":"closed","sticky":false,"template":"","format":"standard","meta":{"footnotes":""},"tags":[],"class_list":["post-953","post","type-post","status-publish","format-standard","hentry"],"_links":{"self":[{"href":"https:\/\/ambbudapest.esteri.it\/hu\/wp-json\/wp\/v2\/posts\/953","targetHints":{"allow":["GET"]}}],"collection":[{"href":"https:\/\/ambbudapest.esteri.it\/hu\/wp-json\/wp\/v2\/posts"}],"about":[{"href":"https:\/\/ambbudapest.esteri.it\/hu\/wp-json\/wp\/v2\/types\/post"}],"author":[{"embeddable":true,"href":"https:\/\/ambbudapest.esteri.it\/hu\/wp-json\/wp\/v2\/users\/1"}],"replies":[{"embeddable":true,"href":"https:\/\/ambbudapest.esteri.it\/hu\/wp-json\/wp\/v2\/comments?post=953"}],"version-history":[{"count":1,"href":"https:\/\/ambbudapest.esteri.it\/hu\/wp-json\/wp\/v2\/posts\/953\/revisions"}],"predecessor-version":[{"id":2012,"href":"https:\/\/ambbudapest.esteri.it\/hu\/wp-json\/wp\/v2\/posts\/953\/revisions\/2012"}],"wp:attachment":[{"href":"https:\/\/ambbudapest.esteri.it\/hu\/wp-json\/wp\/v2\/media?parent=953"}],"wp:term":[{"taxonomy":"post_tag","embeddable":true,"href":"https:\/\/ambbudapest.esteri.it\/hu\/wp-json\/wp\/v2\/tags?post=953"}],"curies":[{"name":"wp","href":"https:\/\/api.w.org\/{rel}","templated":true}]}}