{"id":947,"date":"2023-11-10T11:38:37","date_gmt":"2023-11-10T10:38:37","guid":{"rendered":"https:\/\/ambbudapest.esteri.it\/news\/dall_ambasciata\/2023\/11\/la-cucina-italiana-candidata-a-2\/"},"modified":"2023-11-22T17:27:24","modified_gmt":"2023-11-22T16:27:24","slug":"la-cucina-italiana-candidata-a-2","status":"publish","type":"post","link":"https:\/\/ambbudapest.esteri.it\/hu\/news\/dall_ambasciata\/2023\/11\/la-cucina-italiana-candidata-a-2\/","title":{"rendered":"AZ OLASZ KONYHA UNESCO VILA\u0301GO\u0308RO\u0308KSE\u0301GRE JELO\u0308LE\u0301SE"},"content":{"rendered":"<p>A VIII. Olasz Gasztron\u00f3miai Vil\u00e1gh\u00e9t lehet\u0151s\u00e9get ny\u00fajt arra is, hogy bemutassuk az &#8222;olasz konyha&#8221; jel\u00f6l\u00e9s\u00e9t az UNESCO szellemi kultur\u00e1lis \u00f6r\u00f6ks\u00e9g\u00e9nek reprezentat\u00edv list\u00e1j\u00e1ra val\u00f3 felv\u00e9telre, amely az illet\u00e9kes olasz miniszt\u00e9riumok, az Olasz Konyham\u0171v\u00e9szeti Akad\u00e9mia, a Casa Artusi Alap\u00edtv\u00e1ny \u00e9s a La Cucina Italiana c\u00edm\u0171 t\u00f6rt\u00e9nelmi foly\u00f3irat \u00e1ltal t\u00e1mogatott kezdem\u00e9nyez\u00e9s.<\/p>\n<p>A jelo\u0308le\u0301ssel szeretne\u0301nk felta\u0301rni ma\u0301s orsza\u0301gok sza\u0301ma\u0301ra, hogy mi a\u0301ll a terme\u0301keink e\u0301s feldolgoza\u0301suk mo\u0308go\u0308tt: to\u0308rte\u0301nelem, kultu\u0301ra, biodiverzita\u0301s, ko\u0308rnyezet, jo\u0301lle\u0301t.<\/p>\n<p>Az olaz nyelv\u0171 sajt\u00f3k\u00f6zlem\u00e9ny megtekint\u00e9s\u00e9hez kattints <a href=\"resource\/doc\/2023\/11\/cucina_italiana_candidatura_patrimonio_immateriale_unesco_.pdf\">ide<\/a>.<\/p>\n<p>A prom\u00f3ci\u00f3s video lej\u00e1tsz\u00e1s\u00e1hoz kattints az al\u00e1bbi k\u00e9pre<\/p>\n<p style=\"text-align: center;\"><a href=\"https:\/\/www.youtube.com\/watch?v=UzNtk4jIHRo\"><img decoding=\"async\" src=\"resource\/img\/2023\/11\/cucina_it_unesco_video.png\" alt=\"cucina it unesco video\" \/><\/a><\/p>\n","protected":false},"excerpt":{"rendered":"A VIII. Olasz Gasztron\u00f3miai Vil\u00e1gh\u00e9t lehet\u0151s\u00e9get ny\u00fajt arra is, hogy bemutassuk az &#8222;olasz konyha&#8221; jel\u00f6l\u00e9s\u00e9t az UNESCO szellemi kultur\u00e1lis \u00f6r\u00f6ks\u00e9g\u00e9nek reprezentat\u00edv list\u00e1j\u00e1ra val\u00f3 felv\u00e9telre, amely az illet\u00e9kes olasz miniszt\u00e9riumok, az Olasz Konyham\u0171v\u00e9szeti Akad\u00e9mia, a Casa Artusi Alap\u00edtv\u00e1ny \u00e9s a La Cucina Italiana c\u00edm\u0171 t\u00f6rt\u00e9nelmi foly\u00f3irat \u00e1ltal t\u00e1mogatott kezdem\u00e9nyez\u00e9s. A jelo\u0308le\u0301ssel szeretne\u0301nk felta\u0301rni ma\u0301s orsza\u0301gok sza\u0301ma\u0301ra, [&hellip;]","protected":false},"author":1,"featured_media":0,"comment_status":"closed","ping_status":"closed","sticky":false,"template":"","format":"standard","meta":{"footnotes":""},"tags":[],"class_list":["post-947","post","type-post","status-publish","format-standard","hentry"],"_links":{"self":[{"href":"https:\/\/ambbudapest.esteri.it\/hu\/wp-json\/wp\/v2\/posts\/947","targetHints":{"allow":["GET"]}}],"collection":[{"href":"https:\/\/ambbudapest.esteri.it\/hu\/wp-json\/wp\/v2\/posts"}],"about":[{"href":"https:\/\/ambbudapest.esteri.it\/hu\/wp-json\/wp\/v2\/types\/post"}],"author":[{"embeddable":true,"href":"https:\/\/ambbudapest.esteri.it\/hu\/wp-json\/wp\/v2\/users\/1"}],"replies":[{"embeddable":true,"href":"https:\/\/ambbudapest.esteri.it\/hu\/wp-json\/wp\/v2\/comments?post=947"}],"version-history":[{"count":1,"href":"https:\/\/ambbudapest.esteri.it\/hu\/wp-json\/wp\/v2\/posts\/947\/revisions"}],"predecessor-version":[{"id":2009,"href":"https:\/\/ambbudapest.esteri.it\/hu\/wp-json\/wp\/v2\/posts\/947\/revisions\/2009"}],"wp:attachment":[{"href":"https:\/\/ambbudapest.esteri.it\/hu\/wp-json\/wp\/v2\/media?parent=947"}],"wp:term":[{"taxonomy":"post_tag","embeddable":true,"href":"https:\/\/ambbudapest.esteri.it\/hu\/wp-json\/wp\/v2\/tags?post=947"}],"curies":[{"name":"wp","href":"https:\/\/api.w.org\/{rel}","templated":true}]}}