{"id":5074,"date":"2026-09-03T10:19:20","date_gmt":"2026-09-03T08:19:20","guid":{"rendered":"https:\/\/ambbudapest.esteri.it\/?p=5074"},"modified":"2026-09-03T10:21:00","modified_gmt":"2026-09-03T08:21:00","slug":"scognamiglio-nagykovet-ur-reszt-vett-a-nato-force-integration-unit-hungary-nato-fiu-hungary-megalapitasanak-10-evforduloja-alkalmabol-rendezett-unnepsegen","status":"publish","type":"post","link":"https:\/\/ambbudapest.esteri.it\/hu\/news\/dall_ambasciata\/2026\/09\/scognamiglio-nagykovet-ur-reszt-vett-a-nato-force-integration-unit-hungary-nato-fiu-hungary-megalapitasanak-10-evforduloja-alkalmabol-rendezett-unnepsegen\/","title":{"rendered":"Scognamiglio nagyk\u00f6vet \u00far r\u00e9szt vett a NATO Force Integration Unit Hungary (NATO FIU Hungary) megalap\u00edt\u00e1s\u00e1nak 10. \u00e9vfordul\u00f3ja alkalm\u00e1b\u00f3l rendezett \u00fcnneps\u00e9gen"},"content":{"rendered":"<p>Scognamiglio nagyk\u00f6vet \u00far Sz\u00e9kesfeh\u00e9rv\u00e1rra l\u00e1togatott, hogy r\u00e9szt vegyen a NATO Force Integration Unit Hungary (NATO FIU Hungary) megalap\u00edt\u00e1s\u00e1nak 10. \u00e9vfordul\u00f3ja alkalm\u00e1b\u00f3l rendezett \u00fcnneps\u00e9gen, amelyen jelen volt Elek Varga Attila, a Honv\u00e9delmi Miniszt\u00e9rium \u00e1llamtitk\u00e1ra is.<\/p>\n<p>Szeptember 21-t\u0151l a NATO FIU Hungary parancsnokhelyettesi tiszts\u00e9g\u00e9t olasz tiszt fogja bet\u00f6lteni.<\/p>\n","protected":false},"excerpt":{"rendered":"Scognamiglio nagyk\u00f6vet \u00far Sz\u00e9kesfeh\u00e9rv\u00e1rra l\u00e1togatott, hogy r\u00e9szt vegyen a NATO Force Integration Unit Hungary (NATO FIU Hungary) megalap\u00edt\u00e1s\u00e1nak 10. \u00e9vfordul\u00f3ja alkalm\u00e1b\u00f3l rendezett \u00fcnneps\u00e9gen, amelyen jelen volt Elek Varga Attila, a Honv\u00e9delmi Miniszt\u00e9rium \u00e1llamtitk\u00e1ra is. Szeptember 21-t\u0151l a NATO FIU Hungary parancsnokhelyettesi tiszts\u00e9g\u00e9t olasz tiszt fogja bet\u00f6lteni.","protected":false},"author":4,"featured_media":5063,"comment_status":"closed","ping_status":"closed","sticky":false,"template":"","format":"standard","meta":{"footnotes":""},"tags":[],"class_list":["post-5074","post","type-post","status-publish","format-standard","has-post-thumbnail","hentry"],"_links":{"self":[{"href":"https:\/\/ambbudapest.esteri.it\/hu\/wp-json\/wp\/v2\/posts\/5074","targetHints":{"allow":["GET"]}}],"collection":[{"href":"https:\/\/ambbudapest.esteri.it\/hu\/wp-json\/wp\/v2\/posts"}],"about":[{"href":"https:\/\/ambbudapest.esteri.it\/hu\/wp-json\/wp\/v2\/types\/post"}],"author":[{"embeddable":true,"href":"https:\/\/ambbudapest.esteri.it\/hu\/wp-json\/wp\/v2\/users\/4"}],"replies":[{"embeddable":true,"href":"https:\/\/ambbudapest.esteri.it\/hu\/wp-json\/wp\/v2\/comments?post=5074"}],"version-history":[{"count":1,"href":"https:\/\/ambbudapest.esteri.it\/hu\/wp-json\/wp\/v2\/posts\/5074\/revisions"}],"predecessor-version":[{"id":5075,"href":"https:\/\/ambbudapest.esteri.it\/hu\/wp-json\/wp\/v2\/posts\/5074\/revisions\/5075"}],"wp:featuredmedia":[{"embeddable":true,"href":"https:\/\/ambbudapest.esteri.it\/hu\/wp-json\/wp\/v2\/media\/5063"}],"wp:attachment":[{"href":"https:\/\/ambbudapest.esteri.it\/hu\/wp-json\/wp\/v2\/media?parent=5074"}],"wp:term":[{"taxonomy":"post_tag","embeddable":true,"href":"https:\/\/ambbudapest.esteri.it\/hu\/wp-json\/wp\/v2\/tags?post=5074"}],"curies":[{"name":"wp","href":"https:\/\/api.w.org\/{rel}","templated":true}]}}