{"id":3870,"date":"2025-11-25T09:58:40","date_gmt":"2025-11-25T08:58:40","guid":{"rendered":"https:\/\/ambbudapest.esteri.it\/?p=3870"},"modified":"2025-11-25T10:00:12","modified_gmt":"2025-11-25T09:00:12","slug":"a-nok-elleni-eroszak-megszuntetesenek-vilagnapja","status":"publish","type":"post","link":"https:\/\/ambbudapest.esteri.it\/hu\/news\/dall_ambasciata\/2025\/11\/a-nok-elleni-eroszak-megszuntetesenek-vilagnapja\/","title":{"rendered":"A n\u0151k elleni er\u0151szak megsz\u00fcntet\u00e9s\u00e9nek vil\u00e1gnapja"},"content":{"rendered":"<p style=\"text-align: justify;\">A n\u0151k elleni er\u0151szak megsz\u00fcntet\u00e9s\u00e9nek vil\u00e1gnapja alkalm\u00e1b\u00f3l Antonio Tajani, az olasz k\u00fcl\u00fcgyi \u00e9s nemzetk\u00f6zi egy\u00fcttm\u0171k\u00f6d\u00e9si miniszter ism\u00e9telten meger\u0151s\u00edti Olaszorsz\u00e1g rend\u00edthetetlen elk\u00f6telezetts\u00e9g\u00e9t az Olaszorsz\u00e1gban \u00e9s a vil\u00e1gon a n\u0151k elleni er\u0151szak \u00e9s megk\u00fcl\u00f6nb\u00f6ztet\u00e9s minden form\u00e1j\u00e1nak megel\u0151z\u00e9s\u00e9t \u00e9s lek\u00fczd\u00e9s\u00e9t illet\u0151en.<\/p>\n<p style=\"text-align: justify;\">\u201eA n\u0151k elleni er\u0151szak az emberi jogok elfogadhatatlan megs\u00e9rt\u00e9se \u00e9s t\u00e1rsadalmaink fejl\u0151d\u00e9s\u00e9nek akad\u00e1lya. Olaszorsz\u00e1gnak tov\u00e1bbra is \u00e9len kell j\u00e1rnia a nemek k\u00f6z\u00f6tti egyenl\u0151s\u00e9g, a n\u0151k szerep\u00e9nek er\u0151s\u00edt\u00e9se \u00e9s a legsebezhet\u0151bb szem\u00e9lyek v\u00e9delme ter\u00e9n. Olyan j\u00f6v\u0151t kell \u00e9p\u00edten\u00fcnk, ahol egyetlen n\u0151nek se kell f\u00e9lelemben \u00e9lnie \u2013 sem a szabads\u00e1ga, sem az \u00e9lete miatt. Ez az int\u00e9zm\u00e9nyek, a civil t\u00e1rsadalom \u00e9s mindannyiunk felel\u0151ss\u00e9ge\u201d \u2013 nyilatkozta a miniszter.<\/p>\n<p style=\"text-align: justify;\">A nemi alap\u00fa er\u0151szak megsz\u00fcntet\u00e9se tov\u00e1bbra is az olasz k\u00fclpolitika \u00e9s fejleszt\u00e9si egy\u00fcttm\u0171k\u00f6d\u00e9s egyik pill\u00e9re, ennek keret\u00e9ben t\u00e1mogatja a k\u00e1ros gyakorlatok \u2013 mint a n\u0151i nemi szervek megcsonk\u00edt\u00e1sa, valamint a korai \u00e9s k\u00e9nyszerh\u00e1zass\u00e1gok \u2013 elleni nemzetk\u00f6zi kamp\u00e1nyokat, illetve akt\u00edvan j\u00e1rul hozz az ENSZ N\u0151k Helyzet\u00e9vel Foglalkoz\u00f3 Bizotts\u00e1g\u00e1nak munk\u00e1j\u00e1hoz. Olaszorsz\u00e1g 2026\u20132028 k\u00f6z\u00f6tti ENSZ Emberi Jogi Tan\u00e1csi tags\u00e1g\u00e1nak egyik kulcsfontoss\u00e1g\u00fa eleme a n\u0151k \u00e9s l\u00e1nyok elleni er\u0151szak valamennyi form\u00e1j\u00e1val szembeni fell\u00e9p\u00e9s.<\/p>\n<p style=\"text-align: justify;\">A miniszt\u00e9rium \u00e9s k\u00fclk\u00e9pviseleteinek h\u00e1l\u00f3zata id\u00e9n is csatlakozik az UN Women \u00e1ltal t\u00e1mogatott\u00a0\u201eOrange the World\u201d glob\u00e1lis kamp\u00e1nyhoz, az olasz k\u00fcl\u00fcgyminiszt\u00e9rium homlokzat\u00e1nak erre az alkalomra t\u00f6rt\u00e9n\u0151 megvil\u00e1g\u00edt\u00e1s\u00e1val, valamint a civil t\u00e1rsadalomnak \u00e9s a fiataloknak sz\u00f3l\u00f3 figyelemfelh\u00edv\u00f3 kezdem\u00e9nyez\u00e9sekben val\u00f3 r\u00e9szv\u00e9tellel.<\/p>\n<p style=\"text-align: justify;\">A k\u00fcl\u00fcgyminiszt\u00e9rium \u00e9s az olasz diplom\u00e1ciai-konzuli h\u00e1l\u00f3zat ism\u00e9telten meger\u0151s\u00edti elk\u00f6telezetts\u00e9g\u00e9t a \u201ev\u00f6r\u00f6s padok\u201d kezdem\u00e9nyez\u00e9s ir\u00e1nt, amely a n\u0151k ellen elk\u00f6vetett gyilkoss\u00e1gok elleni k\u00fczdelem egyetemes jelk\u00e9pe \u00e9s j\u00f3l l\u00e1that\u00f3 jelz\u00e9s az er\u0151szak minden form\u00e1ja ellen.<\/p>\n<p style=\"text-align: justify;\">Tov\u00e1bbra is kiemelt figyelmet kapnak azok az oktat\u00e1si programok, amelyek a n\u0151k elleni er\u0151szakkal szembeni fell\u00e9p\u00e9st c\u00e9lz\u00f3 k\u00e9pz\u00e9si elemeket is tartalmaznak; ennek egyik p\u00e9ld\u00e1ja a Giulia Cecchettin eml\u00e9k\u00e9re l\u00e9trehozott \u201e<em>Invest Your Talent in Italy\u201d<\/em> \u00f6szt\u00f6nd\u00edjprogram.<\/p>\n<p style=\"text-align: justify;\">V\u00e9g\u00fcl, a \u201eN\u0151k, b\u00e9ke \u00e9s biztons\u00e1g\u201d program keret\u00e9ben Olaszorsz\u00e1g olyan kezdem\u00e9nyez\u00e9sek megval\u00f3s\u00edt\u00e1s\u00e1val kapcsolatosan tesz l\u00e9p\u00e9seket, amelyek a n\u0151k r\u00e9szv\u00e9tel\u00e9t seg\u00edtik el\u0151 a konfliktusmegel\u0151z\u00e9s, a k\u00f6zvet\u00edt\u00e9s \u00e9s a b\u00e9keteremt\u00e9s folyamataiban, a Nemzeti Cselekv\u00e9si Terv \u00e9s az orsz\u00e1gunk \u00e1ltal t\u00e1mogatott F\u00f6ldk\u00f6zi-tengeri N\u0151i K\u00f6zvet\u00edt\u0151k H\u00e1l\u00f3zat\u00e1n kereszt\u00fcl.<\/p>\n","protected":false},"excerpt":{"rendered":"A n\u0151k elleni er\u0151szak megsz\u00fcntet\u00e9s\u00e9nek vil\u00e1gnapja alkalm\u00e1b\u00f3l Antonio Tajani, az olasz k\u00fcl\u00fcgyi \u00e9s nemzetk\u00f6zi egy\u00fcttm\u0171k\u00f6d\u00e9si miniszter ism\u00e9telten meger\u0151s\u00edti Olaszorsz\u00e1g rend\u00edthetetlen elk\u00f6telezetts\u00e9g\u00e9t az Olaszorsz\u00e1gban \u00e9s a vil\u00e1gon a n\u0151k elleni er\u0151szak \u00e9s megk\u00fcl\u00f6nb\u00f6ztet\u00e9s minden form\u00e1j\u00e1nak megel\u0151z\u00e9s\u00e9t \u00e9s lek\u00fczd\u00e9s\u00e9t illet\u0151en. \u201eA n\u0151k elleni er\u0151szak az emberi jogok elfogadhatatlan megs\u00e9rt\u00e9se \u00e9s t\u00e1rsadalmaink fejl\u0151d\u00e9s\u00e9nek akad\u00e1lya. Olaszorsz\u00e1gnak tov\u00e1bbra is \u00e9len [&hellip;]","protected":false},"author":4,"featured_media":3863,"comment_status":"closed","ping_status":"closed","sticky":false,"template":"","format":"standard","meta":{"footnotes":""},"tags":[],"class_list":["post-3870","post","type-post","status-publish","format-standard","has-post-thumbnail","hentry"],"_links":{"self":[{"href":"https:\/\/ambbudapest.esteri.it\/hu\/wp-json\/wp\/v2\/posts\/3870","targetHints":{"allow":["GET"]}}],"collection":[{"href":"https:\/\/ambbudapest.esteri.it\/hu\/wp-json\/wp\/v2\/posts"}],"about":[{"href":"https:\/\/ambbudapest.esteri.it\/hu\/wp-json\/wp\/v2\/types\/post"}],"author":[{"embeddable":true,"href":"https:\/\/ambbudapest.esteri.it\/hu\/wp-json\/wp\/v2\/users\/4"}],"replies":[{"embeddable":true,"href":"https:\/\/ambbudapest.esteri.it\/hu\/wp-json\/wp\/v2\/comments?post=3870"}],"version-history":[{"count":1,"href":"https:\/\/ambbudapest.esteri.it\/hu\/wp-json\/wp\/v2\/posts\/3870\/revisions"}],"predecessor-version":[{"id":3872,"href":"https:\/\/ambbudapest.esteri.it\/hu\/wp-json\/wp\/v2\/posts\/3870\/revisions\/3872"}],"wp:featuredmedia":[{"embeddable":true,"href":"https:\/\/ambbudapest.esteri.it\/hu\/wp-json\/wp\/v2\/media\/3863"}],"wp:attachment":[{"href":"https:\/\/ambbudapest.esteri.it\/hu\/wp-json\/wp\/v2\/media?parent=3870"}],"wp:term":[{"taxonomy":"post_tag","embeddable":true,"href":"https:\/\/ambbudapest.esteri.it\/hu\/wp-json\/wp\/v2\/tags?post=3870"}],"curies":[{"name":"wp","href":"https:\/\/api.w.org\/{rel}","templated":true}]}}