{"id":3446,"date":"2025-10-21T11:36:41","date_gmt":"2025-10-21T09:36:41","guid":{"rendered":"https:\/\/ambbudapest.esteri.it\/?p=3446"},"modified":"2025-10-21T11:37:18","modified_gmt":"2025-10-21T09:37:18","slug":"reszveteli-felhivas-kulonfele-szolgalatatasok-nyujtasara","status":"publish","type":"post","link":"https:\/\/ambbudapest.esteri.it\/hu\/news\/dall_ambasciata\/2025\/10\/reszveteli-felhivas-kulonfele-szolgalatatasok-nyujtasara\/","title":{"rendered":"R\u00e9szv\u00e9teli felh\u00edv\u00e1s k\u00fcl\u00f6nf\u00e9le szolg\u00e1latat\u00e1sok ny\u00fajt\u00e1s\u00e1ra"},"content":{"rendered":"<p>A Budapesti Olasz Nagyk\u00f6vets\u00e9g el\u0151zetes megkeres\u00e9st tesz k\u00f6zz\u00e9 azon gazdas\u00e1gi szerepl\u0151k sz\u00e1m\u00e1ra, akik \u00e9rdekl\u0151d\u00e9st mutathatnak az al\u00e1bbi szolg\u00e1ltat\u00e1sok ny\u00fajt\u00e1sa ir\u00e1nt:<\/p>\n<ul>\n<li>Kertkarbantart\u00e1s<\/li>\n<li>Nappali nem fegyveres biztons\u00e1gi \u0151rszolg\u00e1lat<\/li>\n<li>T\u00e1vfel\u00fcgyeleti objektumv\u00e9delem<\/li>\n<li>Behatol\u00e1sjelz\u0151 rendszerek karbantart\u00e1sa \u00e9s hibaelh\u00e1r\u00edt\u00e1sa<\/li>\n<li>B\u00e9rsz\u00e1mfejt\u00e9s az alkalmazottak b\u00e9r\u00e9nek \u00e9s j\u00e1rul\u00e9kainak a kisz\u00e1m\u00edt\u00e1s\u00e1hoz<\/li>\n<li>Takar\u00edt\u00e1s<\/li>\n<li>Multifunkci\u00f3s f\u00e9nym\u00e1sol\u00f3k b\u00e9rbead\u00e1sa<\/li>\n<li>F\u0171t\u00e9si rendszer karbantart\u00e1sa \u00e9s hibaelh\u00e1r\u00edt\u00e1sa<\/li>\n<li>Lift \u00e9ves rendszeres karbantart\u00e1sa<\/li>\n<li>L\u00e9gkondicion\u00e1l\u00f3k karbantart\u00e1sa<\/li>\n<li>Foglalkoz\u00e1s-eg\u00e9szs\u00e9g\u00fcgyi szolg\u00e1lat<\/li>\n<li>T\u0171zjelz\u0151 rendszer t\u00e1vfel\u00fcgyelete<\/li>\n<li>Kisebb \u00e9p\u00fclet- \u00e9s g\u00e9p\u00e9szeti karbantart\u00e1sok<\/li>\n<li>V\u00edzvezet\u00e9k-rendszer karbantart\u00e1sa<\/li>\n<li>Elektromos rendszer karbantart\u00e1sa<\/li>\n<\/ul>\n<p>A \u201eR\u00e9szv\u00e9teli sz\u00e1nd\u00e9knyilatkozatokat\u201d legk\u00e9s\u0151bb 2025.11.21-\u00e9n 12 \u00f3r\u00e1ig sz\u00fcks\u00e9ges megk\u00fcldeni e-mailben az <a href=\"mailto:amm.budapest@esteri.it\">amm.budapest@esteri.it<\/a> c\u00edmre.<\/p>\n","protected":false},"excerpt":{"rendered":"A Budapesti Olasz Nagyk\u00f6vets\u00e9g el\u0151zetes megkeres\u00e9st tesz k\u00f6zz\u00e9 azon gazdas\u00e1gi szerepl\u0151k sz\u00e1m\u00e1ra, akik \u00e9rdekl\u0151d\u00e9st mutathatnak az al\u00e1bbi szolg\u00e1ltat\u00e1sok ny\u00fajt\u00e1sa ir\u00e1nt: Kertkarbantart\u00e1s Nappali nem fegyveres biztons\u00e1gi \u0151rszolg\u00e1lat T\u00e1vfel\u00fcgyeleti objektumv\u00e9delem Behatol\u00e1sjelz\u0151 rendszerek karbantart\u00e1sa \u00e9s hibaelh\u00e1r\u00edt\u00e1sa B\u00e9rsz\u00e1mfejt\u00e9s az alkalmazottak b\u00e9r\u00e9nek \u00e9s j\u00e1rul\u00e9kainak a kisz\u00e1m\u00edt\u00e1s\u00e1hoz Takar\u00edt\u00e1s Multifunkci\u00f3s f\u00e9nym\u00e1sol\u00f3k b\u00e9rbead\u00e1sa F\u0171t\u00e9si rendszer karbantart\u00e1sa \u00e9s hibaelh\u00e1r\u00edt\u00e1sa Lift \u00e9ves rendszeres karbantart\u00e1sa L\u00e9gkondicion\u00e1l\u00f3k [&hellip;]","protected":false},"author":4,"featured_media":0,"comment_status":"closed","ping_status":"closed","sticky":false,"template":"","format":"standard","meta":{"footnotes":""},"tags":[],"class_list":["post-3446","post","type-post","status-publish","format-standard","hentry"],"_links":{"self":[{"href":"https:\/\/ambbudapest.esteri.it\/hu\/wp-json\/wp\/v2\/posts\/3446","targetHints":{"allow":["GET"]}}],"collection":[{"href":"https:\/\/ambbudapest.esteri.it\/hu\/wp-json\/wp\/v2\/posts"}],"about":[{"href":"https:\/\/ambbudapest.esteri.it\/hu\/wp-json\/wp\/v2\/types\/post"}],"author":[{"embeddable":true,"href":"https:\/\/ambbudapest.esteri.it\/hu\/wp-json\/wp\/v2\/users\/4"}],"replies":[{"embeddable":true,"href":"https:\/\/ambbudapest.esteri.it\/hu\/wp-json\/wp\/v2\/comments?post=3446"}],"version-history":[{"count":1,"href":"https:\/\/ambbudapest.esteri.it\/hu\/wp-json\/wp\/v2\/posts\/3446\/revisions"}],"predecessor-version":[{"id":3449,"href":"https:\/\/ambbudapest.esteri.it\/hu\/wp-json\/wp\/v2\/posts\/3446\/revisions\/3449"}],"wp:attachment":[{"href":"https:\/\/ambbudapest.esteri.it\/hu\/wp-json\/wp\/v2\/media?parent=3446"}],"wp:term":[{"taxonomy":"post_tag","embeddable":true,"href":"https:\/\/ambbudapest.esteri.it\/hu\/wp-json\/wp\/v2\/tags?post=3446"}],"curies":[{"name":"wp","href":"https:\/\/api.w.org\/{rel}","templated":true}]}}