{"id":3368,"date":"2025-09-30T10:49:21","date_gmt":"2025-09-30T08:49:21","guid":{"rendered":"https:\/\/ambbudapest.esteri.it\/?p=3368"},"modified":"2025-10-06T09:36:11","modified_gmt":"2025-10-06T07:36:11","slug":"giuseppe-scognamiglio-olaszorszag-uj-magyarorszagi-nagykovete","status":"publish","type":"post","link":"https:\/\/ambbudapest.esteri.it\/hu\/news\/dall_ambasciata\/2025\/09\/giuseppe-scognamiglio-olaszorszag-uj-magyarorszagi-nagykovete\/","title":{"rendered":"Giuseppe Scognamiglio, Olaszorsz\u00e1g \u00faj magyarorsz\u00e1gi nagyk\u00f6vete"},"content":{"rendered":"<p>&#8222;Az er\u0151s t\u00f6rt\u00e9nelmi \u00e9s kultur\u00e1lis sz\u00e1lakkal egym\u00e1shoz k\u00f6t\u0151d\u0151 Olaszorsz\u00e1g \u00e9s Magyarorsz\u00e1g szil\u00e1rd \u00e9s tart\u00f3s kapcsolatot alak\u00edtott ki egym\u00e1ssal. A nemzetk\u00f6zi kih\u00edv\u00e1sok arra \u00f6szt\u00f6n\u00f6znek benn\u00fcnket, hogy \u00faj n\u00f6veked\u00e9si lehet\u0151s\u00e9geket teremtve \u00e9s k\u00f6z\u00f6s felvir\u00e1gz\u00e1sunk j\u00f6v\u0151j\u00e9t megszil\u00e1rd\u00edtva minden ter\u00fcleten er\u0151s\u00edts\u00fck az egy\u00fcttm\u0171k\u00f6d\u00e9st.&#8221;<\/p>\n<p>&nbsp;<\/p>\n","protected":false},"excerpt":{"rendered":"&#8222;Az er\u0151s t\u00f6rt\u00e9nelmi \u00e9s kultur\u00e1lis sz\u00e1lakkal egym\u00e1shoz k\u00f6t\u0151d\u0151 Olaszorsz\u00e1g \u00e9s Magyarorsz\u00e1g szil\u00e1rd \u00e9s tart\u00f3s kapcsolatot alak\u00edtott ki egym\u00e1ssal. A nemzetk\u00f6zi kih\u00edv\u00e1sok arra \u00f6szt\u00f6n\u00f6znek benn\u00fcnket, hogy \u00faj n\u00f6veked\u00e9si lehet\u0151s\u00e9geket teremtve \u00e9s k\u00f6z\u00f6s felvir\u00e1gz\u00e1sunk j\u00f6v\u0151j\u00e9t megszil\u00e1rd\u00edtva minden ter\u00fcleten er\u0151s\u00edts\u00fck az egy\u00fcttm\u0171k\u00f6d\u00e9st.&#8221; &nbsp;","protected":false},"author":4,"featured_media":3400,"comment_status":"closed","ping_status":"closed","sticky":false,"template":"","format":"standard","meta":{"footnotes":""},"tags":[],"class_list":["post-3368","post","type-post","status-publish","format-standard","has-post-thumbnail","hentry"],"_links":{"self":[{"href":"https:\/\/ambbudapest.esteri.it\/hu\/wp-json\/wp\/v2\/posts\/3368","targetHints":{"allow":["GET"]}}],"collection":[{"href":"https:\/\/ambbudapest.esteri.it\/hu\/wp-json\/wp\/v2\/posts"}],"about":[{"href":"https:\/\/ambbudapest.esteri.it\/hu\/wp-json\/wp\/v2\/types\/post"}],"author":[{"embeddable":true,"href":"https:\/\/ambbudapest.esteri.it\/hu\/wp-json\/wp\/v2\/users\/4"}],"replies":[{"embeddable":true,"href":"https:\/\/ambbudapest.esteri.it\/hu\/wp-json\/wp\/v2\/comments?post=3368"}],"version-history":[{"count":1,"href":"https:\/\/ambbudapest.esteri.it\/hu\/wp-json\/wp\/v2\/posts\/3368\/revisions"}],"predecessor-version":[{"id":3369,"href":"https:\/\/ambbudapest.esteri.it\/hu\/wp-json\/wp\/v2\/posts\/3368\/revisions\/3369"}],"wp:featuredmedia":[{"embeddable":true,"href":"https:\/\/ambbudapest.esteri.it\/hu\/wp-json\/wp\/v2\/media\/3400"}],"wp:attachment":[{"href":"https:\/\/ambbudapest.esteri.it\/hu\/wp-json\/wp\/v2\/media?parent=3368"}],"wp:term":[{"taxonomy":"post_tag","embeddable":true,"href":"https:\/\/ambbudapest.esteri.it\/hu\/wp-json\/wp\/v2\/tags?post=3368"}],"curies":[{"name":"wp","href":"https:\/\/api.w.org\/{rel}","templated":true}]}}