{"id":3260,"date":"2025-08-28T14:56:55","date_gmt":"2025-08-28T12:56:55","guid":{"rendered":"https:\/\/ambbudapest.esteri.it\/?p=3260"},"modified":"2025-08-29T12:19:30","modified_gmt":"2025-08-29T10:19:30","slug":"hirdetmeny-maganszereplok-szamara-nyujthato-tamogatasokrol-a-nemzetkozi-beke-es-biztonsag-fenntartasa-valamint-humanitarius-kezdemenyezesek-es-az-emberi-jogok-vedelmenek-megvalositasa-erdekeben","status":"publish","type":"post","link":"https:\/\/ambbudapest.esteri.it\/hu\/news\/dall_ambasciata\/2025\/08\/hirdetmeny-maganszereplok-szamara-nyujthato-tamogatasokrol-a-nemzetkozi-beke-es-biztonsag-fenntartasa-valamint-humanitarius-kezdemenyezesek-es-az-emberi-jogok-vedelmenek-megvalositasa-erdekeben\/","title":{"rendered":"Hirdetm\u00e9ny mag\u00e1nszerepl\u0151k sz\u00e1m\u00e1ra ny\u00fajthat\u00f3 t\u00e1mogat\u00e1sokr\u00f3l a nemzetk\u00f6zi b\u00e9ke \u00e9s biztons\u00e1g fenntart\u00e1sa, valamint humanit\u00e1rius kezdem\u00e9nyez\u00e9sek \u00e9s az emberi jogok v\u00e9delm\u00e9nek megval\u00f3s\u00edt\u00e1sa \u00e9rdek\u00e9ben"},"content":{"rendered":"<p>Az Olasz K\u00fcl\u00fcgyminiszt\u00e9rium Politikai \u00e9s Biztons\u00e1gi F\u0151igazgat\u00f3s\u00e1ga (DGAP), Globaliz\u00e1ci\u00f3s F\u0151igazgat\u00f3s\u00e1ga (DGMO), valamint Eur\u00f3pai \u00e9s Nemzetk\u00f6zi Kereskedelempolitikai F\u0151igazgat\u00f3s\u00e1ga (DGUE) nyilv\u00e1nos felh\u00edv\u00e1st tesz k\u00f6zz\u00e9 hozz\u00e1j\u00e1rul\u00e1sok oda\u00edt\u00e9l\u00e9s\u00e9re olasz \u00e9s k\u00fclf\u00f6ldi mag\u00e1nszerepl\u0151k r\u00e9sz\u00e9re a b\u00e9ke \u00e9s a nemzetk\u00f6zi biztons\u00e1g fenntart\u00e1s\u00e1val, valamint humanit\u00e1rius kezdem\u00e9nyez\u00e9sek \u00e9s az emberi jogok v\u00e9delm\u00e9nek megval\u00f3s\u00edt\u00e1s\u00e1val kapcsolatos c\u00e9lok t\u00e1mogat\u00e1s\u00e1ra.<\/p>\n<p data-start=\"699\" data-end=\"949\">Ily m\u00f3don a k\u00f6z- \u00e9s mag\u00e1nszf\u00e9ra partners\u00e9g\u00e9nek innovat\u00edv form\u00e1j\u00e1t er\u0151s\u00edtj\u00fck, amely a civil t\u00e1rsadalom bevon\u00e1s\u00e1val \u00e9s szak\u00e9rtelm\u00e9nek hasznos\u00edt\u00e1s\u00e1val hozz\u00e1j\u00e1rul az olasz k\u00fclpolitika hiteless\u00e9g\u00e9nek \u00e9s hat\u00e9konys\u00e1g\u00e1nak n\u00f6vel\u00e9s\u00e9hez a vil\u00e1gban.<\/p>\n<p data-start=\"951\" data-end=\"1352\">A p\u00e1ly\u00e1zatban val\u00f3 r\u00e9szv\u00e9telhez sz\u00fcks\u00e9ges minden inform\u00e1ci\u00f3, bele\u00e9rtve a projektek beny\u00fajt\u00e1s\u00e1nak hat\u00e1ridej\u00e9t is, az al\u00e1bbi oldalon \u00e9rhet\u0151 el:<br data-start=\"1092\" data-end=\"1095\" \/>\ud83d\udc49 <a href=\"https:\/\/www.esteri.it\/it\/sala_stampa\/archivionotizie\/comunicati\/2025\/07\/avviso-di-pubblicita-per-contributi-a-soggetti-privati-per-finalita-di-mantenimento-della-pace-e-della-sicurezza-internazionale-e-di-attuazione-di-iniziative-umanitarie-e-di-tutela-dei-diritti-umani-3\/\">Avviso di pubblicit\u00e0 per contributi a soggetti privati per finalit\u00e0 di mantenimento della pace e della sicurezza internazionale e di attuazione di iniziative umanitarie e di tutela dei diritti umani \u2013 Ministero degli Affari Esteri e della Cooperazione Internazionale<\/a><\/p>\n<p data-start=\"951\" data-end=\"1352\">\n","protected":false},"excerpt":{"rendered":"Az Olasz K\u00fcl\u00fcgyminiszt\u00e9rium Politikai \u00e9s Biztons\u00e1gi F\u0151igazgat\u00f3s\u00e1ga (DGAP), Globaliz\u00e1ci\u00f3s F\u0151igazgat\u00f3s\u00e1ga (DGMO), valamint Eur\u00f3pai \u00e9s Nemzetk\u00f6zi Kereskedelempolitikai F\u0151igazgat\u00f3s\u00e1ga (DGUE) nyilv\u00e1nos felh\u00edv\u00e1st tesz k\u00f6zz\u00e9 hozz\u00e1j\u00e1rul\u00e1sok oda\u00edt\u00e9l\u00e9s\u00e9re olasz \u00e9s k\u00fclf\u00f6ldi mag\u00e1nszerepl\u0151k r\u00e9sz\u00e9re a b\u00e9ke \u00e9s a nemzetk\u00f6zi biztons\u00e1g fenntart\u00e1s\u00e1val, valamint humanit\u00e1rius kezdem\u00e9nyez\u00e9sek \u00e9s az emberi jogok v\u00e9delm\u00e9nek megval\u00f3s\u00edt\u00e1s\u00e1val kapcsolatos c\u00e9lok t\u00e1mogat\u00e1s\u00e1ra. Ily m\u00f3don a k\u00f6z- \u00e9s mag\u00e1nszf\u00e9ra partners\u00e9g\u00e9nek [&hellip;]","protected":false},"author":4,"featured_media":3256,"comment_status":"closed","ping_status":"closed","sticky":false,"template":"","format":"standard","meta":{"footnotes":""},"tags":[],"class_list":["post-3260","post","type-post","status-publish","format-standard","has-post-thumbnail","hentry"],"_links":{"self":[{"href":"https:\/\/ambbudapest.esteri.it\/hu\/wp-json\/wp\/v2\/posts\/3260","targetHints":{"allow":["GET"]}}],"collection":[{"href":"https:\/\/ambbudapest.esteri.it\/hu\/wp-json\/wp\/v2\/posts"}],"about":[{"href":"https:\/\/ambbudapest.esteri.it\/hu\/wp-json\/wp\/v2\/types\/post"}],"author":[{"embeddable":true,"href":"https:\/\/ambbudapest.esteri.it\/hu\/wp-json\/wp\/v2\/users\/4"}],"replies":[{"embeddable":true,"href":"https:\/\/ambbudapest.esteri.it\/hu\/wp-json\/wp\/v2\/comments?post=3260"}],"version-history":[{"count":4,"href":"https:\/\/ambbudapest.esteri.it\/hu\/wp-json\/wp\/v2\/posts\/3260\/revisions"}],"predecessor-version":[{"id":3268,"href":"https:\/\/ambbudapest.esteri.it\/hu\/wp-json\/wp\/v2\/posts\/3260\/revisions\/3268"}],"wp:featuredmedia":[{"embeddable":true,"href":"https:\/\/ambbudapest.esteri.it\/hu\/wp-json\/wp\/v2\/media\/3256"}],"wp:attachment":[{"href":"https:\/\/ambbudapest.esteri.it\/hu\/wp-json\/wp\/v2\/media?parent=3260"}],"wp:term":[{"taxonomy":"post_tag","embeddable":true,"href":"https:\/\/ambbudapest.esteri.it\/hu\/wp-json\/wp\/v2\/tags?post=3260"}],"curies":[{"name":"wp","href":"https:\/\/api.w.org\/{rel}","templated":true}]}}