{"id":3243,"date":"2025-08-28T14:36:02","date_gmt":"2025-08-28T12:36:02","guid":{"rendered":"https:\/\/ambbudapest.esteri.it\/?p=3243"},"modified":"2025-08-29T11:33:11","modified_gmt":"2025-08-29T09:33:11","slug":"a-teatro-alla-scala-szinhazmuveszeti-akademiajanak-2025-2026-os-osztondijai-global-master-in-performing-arts-management","status":"publish","type":"post","link":"https:\/\/ambbudapest.esteri.it\/hu\/news\/dall_ambasciata\/2025\/08\/a-teatro-alla-scala-szinhazmuveszeti-akademiajanak-2025-2026-os-osztondijai-global-master-in-performing-arts-management\/","title":{"rendered":"A TEATRO ALLA SCALA SZ\u00cdNH\u00c1ZM\u0170V\u00c9SZETI AKAD\u00c9MI\u00c1J\u00c1NAK 2025\/2026-OS \u00d6SZT\u00d6ND\u00cdJAI\u2013 GLOBAL MASTER IN PERFORMING ARTS MANAGEMENT"},"content":{"rendered":"<p style=\"text-align: justify;\">Az olasz K\u00fcl\u00fcgyi \u00e9s Nemzetk\u00f6zi Egy\u00fcttm\u0171k\u00f6d\u00e9si Miniszt\u00e9rium a sz\u00ednh\u00e1zszakmai k\u00e9pz\u00e9s ter\u00fclet\u00e9n nemzetk\u00f6zileg elismert Teatro alla Scala Sz\u00ednh\u00e1zm\u0171v\u00e9szeti Akad\u00e9mi\u00e1val egy\u00fcttm\u0171k\u00f6dve \u00f6szt\u00f6nd\u00edjakat k\u00edn\u00e1l k\u00fclf\u00f6ldi hallgat\u00f3k sz\u00e1m\u00e1ra a sz\u00ednh\u00e1z vil\u00e1g\u00e1ban alkalmazott magas szint\u0171 vezet\u0151i \u00e9s gazdas\u00e1gi ismeretekkel rendelkez\u0151 szakemberek k\u00e9pz\u00e9s\u00e9re ir\u00e1nyul\u00f3 \u201ePerforming Arts Management\u201d mesterk\u00e9pz\u00e9sen (GMPAM) val\u00f3 r\u00e9szv\u00e9telhez.<\/p>\n<p>A 2025-2026-os tan\u00e9vre legfeljebb 7 \u00f6szt\u00f6nd\u00edj \u00e1ll rendelkez\u00e9sre 6 h\u00f3napos id\u0151tartamra (2026. janu\u00e1r 1-j\u00e9t\u0151l 2026. j\u00fanius 30-ig). A havi \u00f6szt\u00f6nd\u00edj 1000,00 eur\u00f3.<\/p>\n<p>A p\u00e1ly\u00e1zatok beny\u00fajt\u00e1s\u00e1nak hat\u00e1rideje: 2025. okt\u00f3ber 1.<\/p>\n<p>Tov\u00e1bbi inform\u00e1ci\u00f3k\u00e9rt l\u00e1sd a <a href=\"https:\/\/ambbudapest.esteri.it\/wp-content\/uploads\/2025\/08\/borsa-maeci-2025.pdf\">p\u00e1ly\u00e1zati felh\u00edv\u00e1st<\/a>.<\/p>\n","protected":false},"excerpt":{"rendered":"Az olasz K\u00fcl\u00fcgyi \u00e9s Nemzetk\u00f6zi Egy\u00fcttm\u0171k\u00f6d\u00e9si Miniszt\u00e9rium a sz\u00ednh\u00e1zszakmai k\u00e9pz\u00e9s ter\u00fclet\u00e9n nemzetk\u00f6zileg elismert Teatro alla Scala Sz\u00ednh\u00e1zm\u0171v\u00e9szeti Akad\u00e9mi\u00e1val egy\u00fcttm\u0171k\u00f6dve \u00f6szt\u00f6nd\u00edjakat k\u00edn\u00e1l k\u00fclf\u00f6ldi hallgat\u00f3k sz\u00e1m\u00e1ra a sz\u00ednh\u00e1z vil\u00e1g\u00e1ban alkalmazott magas szint\u0171 vezet\u0151i \u00e9s gazdas\u00e1gi ismeretekkel rendelkez\u0151 szakemberek k\u00e9pz\u00e9s\u00e9re ir\u00e1nyul\u00f3 \u201ePerforming Arts Management\u201d mesterk\u00e9pz\u00e9sen (GMPAM) val\u00f3 r\u00e9szv\u00e9telhez. A 2025-2026-os tan\u00e9vre legfeljebb 7 \u00f6szt\u00f6nd\u00edj \u00e1ll rendelkez\u00e9sre 6 h\u00f3napos [&hellip;]","protected":false},"author":4,"featured_media":3226,"comment_status":"closed","ping_status":"closed","sticky":false,"template":"","format":"standard","meta":{"footnotes":""},"tags":[],"class_list":["post-3243","post","type-post","status-publish","format-standard","has-post-thumbnail","hentry"],"_links":{"self":[{"href":"https:\/\/ambbudapest.esteri.it\/hu\/wp-json\/wp\/v2\/posts\/3243","targetHints":{"allow":["GET"]}}],"collection":[{"href":"https:\/\/ambbudapest.esteri.it\/hu\/wp-json\/wp\/v2\/posts"}],"about":[{"href":"https:\/\/ambbudapest.esteri.it\/hu\/wp-json\/wp\/v2\/types\/post"}],"author":[{"embeddable":true,"href":"https:\/\/ambbudapest.esteri.it\/hu\/wp-json\/wp\/v2\/users\/4"}],"replies":[{"embeddable":true,"href":"https:\/\/ambbudapest.esteri.it\/hu\/wp-json\/wp\/v2\/comments?post=3243"}],"version-history":[{"count":1,"href":"https:\/\/ambbudapest.esteri.it\/hu\/wp-json\/wp\/v2\/posts\/3243\/revisions"}],"predecessor-version":[{"id":3245,"href":"https:\/\/ambbudapest.esteri.it\/hu\/wp-json\/wp\/v2\/posts\/3243\/revisions\/3245"}],"wp:featuredmedia":[{"embeddable":true,"href":"https:\/\/ambbudapest.esteri.it\/hu\/wp-json\/wp\/v2\/media\/3226"}],"wp:attachment":[{"href":"https:\/\/ambbudapest.esteri.it\/hu\/wp-json\/wp\/v2\/media?parent=3243"}],"wp:term":[{"taxonomy":"post_tag","embeddable":true,"href":"https:\/\/ambbudapest.esteri.it\/hu\/wp-json\/wp\/v2\/tags?post=3243"}],"curies":[{"name":"wp","href":"https:\/\/api.w.org\/{rel}","templated":true}]}}