{"id":3126,"date":"2025-05-22T13:53:31","date_gmt":"2025-05-22T11:53:31","guid":{"rendered":"https:\/\/ambbudapest.esteri.it\/?p=3126"},"modified":"2025-05-22T13:54:17","modified_gmt":"2025-05-22T11:54:17","slug":"piackutatas-epitesvezetesi-szolgaltatassal-kapcsolatban","status":"publish","type":"post","link":"https:\/\/ambbudapest.esteri.it\/hu\/news\/dall_ambasciata\/2025\/05\/piackutatas-epitesvezetesi-szolgaltatassal-kapcsolatban\/","title":{"rendered":"Piackutat\u00e1s \u201e\u00c9p\u00edt\u00e9svezet\u00e9si\u201d szolg\u00e1ltat\u00e1ssal kapcsolatban"},"content":{"rendered":"<p>A Budapesti Olasz Nagyk\u00f6vets\u00e9g el\u0151zetes megkeres\u00e9st tesz k\u00f6zz\u00e9 azon gazdas\u00e1gi szerepl\u0151k sz\u00e1m\u00e1ra, akik \u00e9rdekl\u0151d\u00e9st mutathatnak a Konzul\u00e1tus fel\u00faj\u00edt\u00e1si munk\u00e1lataival kapcsolatos \u201d\u00c9P\u00cdT\u00c9SVEZET\u00c9SI\u201d szolg\u00e1ltat\u00e1s ir\u00e1nt.<\/p>\n<p>A \u201eR\u00e9szv\u00e9teli sz\u00e1nd\u00e9knyilatkozatokat\u201d legk\u00e9s\u0151bb 2025.06.30-\u00e1n 12 \u00f3r\u00e1ig sz\u00fcks\u00e9ges megk\u00fcldeni e-mailben az <a href=\"mailto:amm.budapest@esteri.it\">amm.budapest@esteri.it<\/a> c\u00edmre.<\/p>\n","protected":false},"excerpt":{"rendered":"A Budapesti Olasz Nagyk\u00f6vets\u00e9g el\u0151zetes megkeres\u00e9st tesz k\u00f6zz\u00e9 azon gazdas\u00e1gi szerepl\u0151k sz\u00e1m\u00e1ra, akik \u00e9rdekl\u0151d\u00e9st mutathatnak a Konzul\u00e1tus fel\u00faj\u00edt\u00e1si munk\u00e1lataival kapcsolatos \u201d\u00c9P\u00cdT\u00c9SVEZET\u00c9SI\u201d szolg\u00e1ltat\u00e1s ir\u00e1nt. A \u201eR\u00e9szv\u00e9teli sz\u00e1nd\u00e9knyilatkozatokat\u201d legk\u00e9s\u0151bb 2025.06.30-\u00e1n 12 \u00f3r\u00e1ig sz\u00fcks\u00e9ges megk\u00fcldeni e-mailben az amm.budapest@esteri.it c\u00edmre.","protected":false},"author":4,"featured_media":0,"comment_status":"closed","ping_status":"closed","sticky":false,"template":"","format":"standard","meta":{"footnotes":""},"tags":[],"class_list":["post-3126","post","type-post","status-publish","format-standard","hentry"],"_links":{"self":[{"href":"https:\/\/ambbudapest.esteri.it\/hu\/wp-json\/wp\/v2\/posts\/3126","targetHints":{"allow":["GET"]}}],"collection":[{"href":"https:\/\/ambbudapest.esteri.it\/hu\/wp-json\/wp\/v2\/posts"}],"about":[{"href":"https:\/\/ambbudapest.esteri.it\/hu\/wp-json\/wp\/v2\/types\/post"}],"author":[{"embeddable":true,"href":"https:\/\/ambbudapest.esteri.it\/hu\/wp-json\/wp\/v2\/users\/4"}],"replies":[{"embeddable":true,"href":"https:\/\/ambbudapest.esteri.it\/hu\/wp-json\/wp\/v2\/comments?post=3126"}],"version-history":[{"count":1,"href":"https:\/\/ambbudapest.esteri.it\/hu\/wp-json\/wp\/v2\/posts\/3126\/revisions"}],"predecessor-version":[{"id":3129,"href":"https:\/\/ambbudapest.esteri.it\/hu\/wp-json\/wp\/v2\/posts\/3126\/revisions\/3129"}],"wp:attachment":[{"href":"https:\/\/ambbudapest.esteri.it\/hu\/wp-json\/wp\/v2\/media?parent=3126"}],"wp:term":[{"taxonomy":"post_tag","embeddable":true,"href":"https:\/\/ambbudapest.esteri.it\/hu\/wp-json\/wp\/v2\/tags?post=3126"}],"curies":[{"name":"wp","href":"https:\/\/api.w.org\/{rel}","templated":true}]}}