{"id":3111,"date":"2025-04-24T11:05:52","date_gmt":"2025-04-24T09:05:52","guid":{"rendered":"https:\/\/ambbudapest.esteri.it\/?p=3111"},"modified":"2025-04-24T11:42:34","modified_gmt":"2025-04-24T09:42:34","slug":"az-olasz-kormany-altal-2025-2026-os-akademiai-evre-kulfoldi-allampolgarok-es-kulfoldon-elo-olasz-allampolgarok-reszere-meghirdetett-tanulmanyi-osztondijak","status":"publish","type":"post","link":"https:\/\/ambbudapest.esteri.it\/hu\/news\/dall_ambasciata\/2025\/04\/az-olasz-kormany-altal-2025-2026-os-akademiai-evre-kulfoldi-allampolgarok-es-kulfoldon-elo-olasz-allampolgarok-reszere-meghirdetett-tanulmanyi-osztondijak\/","title":{"rendered":"AZ OLASZ KORM\u00c1NY \u00c1LTAL 2025-2026-OS AKAD\u00c9MIAI \u00c9VRE K\u00dcLF\u00d6LDI \u00c1LLAMPOLG\u00c1ROK \u00c9S K\u00dcLF\u00d6LD\u00d6N \u00c9L\u0150 OLASZ \u00c1LLAMPOLG\u00c1ROK R\u00c9SZ\u00c9RE MEGHIRDETETT TANULM\u00c1NYI \u00d6SZT\u00d6ND\u00cdJAK"},"content":{"rendered":"<p>Megjelent a 2025\/2026-os akad\u00e9miai \u00e9vre vonatkoz\u00f3 MAECI-\u00f6szt\u00f6nd\u00edjp\u00e1ly\u00e1zat, a\u00a0<strong>bead\u00e1si hat\u00e1rid\u0151 2025. m\u00e1jus 16.<\/strong>\u00a0Minden inform\u00e1ci\u00f3 az al\u00e1bbi linkeken tal\u00e1lhat\u00f3:<\/p>\n<p><a href=\"https:\/\/www.esteri.it\/wp-content\/uploads\/2025\/04\/Bando-Borse-di-Studio-25-26.pdf\">OLASZ NYELV\u0170 KI\u00cdR\u00c1S<\/a><\/p>\n<p><a href=\"https:\/\/www.esteri.it\/wp-content\/uploads\/2025\/04\/Call-for-Applications-25-26.pdf\">ANGOL\u00a0NYELV\u0170\u00a0KI\u00cdR\u00c1S<\/a><\/p>\n<p><a href=\"https:\/\/www.esteri.it\/wp-content\/uploads\/2025\/04\/Self-Declaration-Affidavit25-26.pdf\">SELF-DECLARATION AFFIDAVIT<\/a><\/p>\n<p><a href=\"https:\/\/www.esteri.it\/wp-content\/uploads\/2025\/04\/List-of-Eligible-Countries-and-other-Territories-25-26.pdf\">List of eligible foreign countries<\/a><\/p>\n","protected":false},"excerpt":{"rendered":"Megjelent a 2025\/2026-os akad\u00e9miai \u00e9vre vonatkoz\u00f3 MAECI-\u00f6szt\u00f6nd\u00edjp\u00e1ly\u00e1zat, a\u00a0bead\u00e1si hat\u00e1rid\u0151 2025. m\u00e1jus 16.\u00a0Minden inform\u00e1ci\u00f3 az al\u00e1bbi linkeken tal\u00e1lhat\u00f3: OLASZ NYELV\u0170 KI\u00cdR\u00c1S ANGOL\u00a0NYELV\u0170\u00a0KI\u00cdR\u00c1S SELF-DECLARATION AFFIDAVIT List of eligible foreign countries","protected":false},"author":4,"featured_media":2916,"comment_status":"closed","ping_status":"closed","sticky":false,"template":"","format":"standard","meta":{"footnotes":""},"tags":[],"class_list":["post-3111","post","type-post","status-publish","format-standard","has-post-thumbnail","hentry"],"_links":{"self":[{"href":"https:\/\/ambbudapest.esteri.it\/hu\/wp-json\/wp\/v2\/posts\/3111","targetHints":{"allow":["GET"]}}],"collection":[{"href":"https:\/\/ambbudapest.esteri.it\/hu\/wp-json\/wp\/v2\/posts"}],"about":[{"href":"https:\/\/ambbudapest.esteri.it\/hu\/wp-json\/wp\/v2\/types\/post"}],"author":[{"embeddable":true,"href":"https:\/\/ambbudapest.esteri.it\/hu\/wp-json\/wp\/v2\/users\/4"}],"replies":[{"embeddable":true,"href":"https:\/\/ambbudapest.esteri.it\/hu\/wp-json\/wp\/v2\/comments?post=3111"}],"version-history":[{"count":3,"href":"https:\/\/ambbudapest.esteri.it\/hu\/wp-json\/wp\/v2\/posts\/3111\/revisions"}],"predecessor-version":[{"id":3116,"href":"https:\/\/ambbudapest.esteri.it\/hu\/wp-json\/wp\/v2\/posts\/3111\/revisions\/3116"}],"wp:featuredmedia":[{"embeddable":true,"href":"https:\/\/ambbudapest.esteri.it\/hu\/wp-json\/wp\/v2\/media\/2916"}],"wp:attachment":[{"href":"https:\/\/ambbudapest.esteri.it\/hu\/wp-json\/wp\/v2\/media?parent=3111"}],"wp:term":[{"taxonomy":"post_tag","embeddable":true,"href":"https:\/\/ambbudapest.esteri.it\/hu\/wp-json\/wp\/v2\/tags?post=3111"}],"curies":[{"name":"wp","href":"https:\/\/api.w.org\/{rel}","templated":true}]}}