{"id":3049,"date":"2025-04-04T11:44:05","date_gmt":"2025-04-04T09:44:05","guid":{"rendered":"https:\/\/ambbudapest.esteri.it\/?p=3049"},"modified":"2025-04-04T12:50:37","modified_gmt":"2025-04-04T10:50:37","slug":"papiralapu-szemelyi-igazolvany-lejarat-2026","status":"publish","type":"post","link":"https:\/\/ambbudapest.esteri.it\/hu\/news\/dall_ambasciata\/2025\/04\/papiralapu-szemelyi-igazolvany-lejarat-2026\/","title":{"rendered":"Pap\u00edralap\u00fa szem\u00e9lyi igazolv\u00e1ny \u2013 lej\u00e1rat: 2026"},"content":{"rendered":"<p>Felh\u00edvjuk sz\u00edves figyelm\u00fcket, hogy 2026 augusztus\u00e1t\u00f3l az EU 2019\/1157 rendelete \u00e9rtelm\u00e9ben a pap\u00edralap\u00fa szem\u00e9lyazonos\u00edt\u00f3 okm\u00e1nyok \u00e9rv\u00e9ny\u00fcket vesztik f\u00fcggetlen\u00fcl az okm\u00e1nyon felt\u00fcntetett lej\u00e1rati id\u0151t\u0151l.<\/p>\n<p>K\u00e9rj\u00fck, hogy id\u0151ben foglaljanak id\u0151pontot \u00faj, elektronikus szem\u00e9lyi igazolv\u00e1ny ki\u00e1ll\u00edt\u00e1s\u00e1hoz a <a href=\"https:\/\/prenotami.esteri.it\/\">Prenot@mi<\/a> port\u00e1lon.<\/p>\n","protected":false},"excerpt":{"rendered":"Felh\u00edvjuk sz\u00edves figyelm\u00fcket, hogy 2026 augusztus\u00e1t\u00f3l az EU 2019\/1157 rendelete \u00e9rtelm\u00e9ben a pap\u00edralap\u00fa szem\u00e9lyazonos\u00edt\u00f3 okm\u00e1nyok \u00e9rv\u00e9ny\u00fcket vesztik f\u00fcggetlen\u00fcl az okm\u00e1nyon felt\u00fcntetett lej\u00e1rati id\u0151t\u0151l. K\u00e9rj\u00fck, hogy id\u0151ben foglaljanak id\u0151pontot \u00faj, elektronikus szem\u00e9lyi igazolv\u00e1ny ki\u00e1ll\u00edt\u00e1s\u00e1hoz a Prenot@mi port\u00e1lon.","protected":false},"author":5,"featured_media":3044,"comment_status":"closed","ping_status":"closed","sticky":false,"template":"","format":"standard","meta":{"footnotes":""},"tags":[],"class_list":["post-3049","post","type-post","status-publish","format-standard","has-post-thumbnail","hentry"],"_links":{"self":[{"href":"https:\/\/ambbudapest.esteri.it\/hu\/wp-json\/wp\/v2\/posts\/3049","targetHints":{"allow":["GET"]}}],"collection":[{"href":"https:\/\/ambbudapest.esteri.it\/hu\/wp-json\/wp\/v2\/posts"}],"about":[{"href":"https:\/\/ambbudapest.esteri.it\/hu\/wp-json\/wp\/v2\/types\/post"}],"author":[{"embeddable":true,"href":"https:\/\/ambbudapest.esteri.it\/hu\/wp-json\/wp\/v2\/users\/5"}],"replies":[{"embeddable":true,"href":"https:\/\/ambbudapest.esteri.it\/hu\/wp-json\/wp\/v2\/comments?post=3049"}],"version-history":[{"count":2,"href":"https:\/\/ambbudapest.esteri.it\/hu\/wp-json\/wp\/v2\/posts\/3049\/revisions"}],"predecessor-version":[{"id":3057,"href":"https:\/\/ambbudapest.esteri.it\/hu\/wp-json\/wp\/v2\/posts\/3049\/revisions\/3057"}],"wp:featuredmedia":[{"embeddable":true,"href":"https:\/\/ambbudapest.esteri.it\/hu\/wp-json\/wp\/v2\/media\/3044"}],"wp:attachment":[{"href":"https:\/\/ambbudapest.esteri.it\/hu\/wp-json\/wp\/v2\/media?parent=3049"}],"wp:term":[{"taxonomy":"post_tag","embeddable":true,"href":"https:\/\/ambbudapest.esteri.it\/hu\/wp-json\/wp\/v2\/tags?post=3049"}],"curies":[{"name":"wp","href":"https:\/\/api.w.org\/{rel}","templated":true}]}}