{"id":3027,"date":"2025-04-04T09:34:45","date_gmt":"2025-04-04T07:34:45","guid":{"rendered":"https:\/\/ambbudapest.esteri.it\/?p=3027"},"modified":"2025-04-04T09:37:22","modified_gmt":"2025-04-04T07:37:22","slug":"adoazonosito-jel-codice-fiscale-kulfoldi-allampolgaroknak","status":"publish","type":"post","link":"https:\/\/ambbudapest.esteri.it\/hu\/news\/dall_ambasciata\/2025\/04\/adoazonosito-jel-codice-fiscale-kulfoldi-allampolgaroknak\/","title":{"rendered":"Ad\u00f3azonos\u00edt\u00f3 jel (codice fiscale) k\u00fclf\u00f6ldi \u00e1llampolg\u00e1roknak"},"content":{"rendered":"<p>T\u00e1j\u00e9koztat\u00e1s a k\u00fclf\u00f6ldi \u00e1llampolg\u00e1rok ad\u00f3azonos\u00edt\u00f3 jel ig\u00e9nyl\u00e9s\u00e9re vonatkoz\u00f3 elj\u00e1r\u00e1s v\u00e1ltoz\u00e1s\u00e1r\u00f3l:<\/p>\n<p>Egyetemi el\u0151beiratkoz\u00e1s eset\u00e9n a di\u00e1kok a Universitaly oldal\u00e1n k\u00e9rhetnek ideiglenes ad\u00f3azonos\u00edt\u00f3t, majd Olaszorsz\u00e1gba val\u00f3 \u00e9rkez\u00e9s\u00fck ut\u00e1n kaphatnak \u00e1lland\u00f3 ad\u00f3azonos\u00edt\u00f3 jelet.<\/p>\n<p>Azon k\u00fclf\u00f6ldi felhaszn\u00e1l\u00f3knak, akik Olaszorsz\u00e1gban k\u00edv\u00e1nnak ingatlan\u00fcgyleteket lebonyol\u00edtani, egy \u00e1ltaluk meghatalmazott szem\u00e9ly (ingatlan\u00fcgyn\u00f6k, \u00fcgyv\u00e9d, k\u00f6zjegyz\u0151) ig\u00e9nyelhet Olaszorsz\u00e1gban ad\u00f3azonos\u00edt\u00f3t.<\/p>\n<p>A k\u00e9relmet mindk\u00e9t esetben <strong>k\u00f6zvetlen\u00fcl a helyi ad\u00f3hivatalhoz (Agenzia delle Entrate) kell beny\u00fajtani<\/strong>.<\/p>\n","protected":false},"excerpt":{"rendered":"T\u00e1j\u00e9koztat\u00e1s a k\u00fclf\u00f6ldi \u00e1llampolg\u00e1rok ad\u00f3azonos\u00edt\u00f3 jel ig\u00e9nyl\u00e9s\u00e9re vonatkoz\u00f3 elj\u00e1r\u00e1s v\u00e1ltoz\u00e1s\u00e1r\u00f3l: Egyetemi el\u0151beiratkoz\u00e1s eset\u00e9n a di\u00e1kok a Universitaly oldal\u00e1n k\u00e9rhetnek ideiglenes ad\u00f3azonos\u00edt\u00f3t, majd Olaszorsz\u00e1gba val\u00f3 \u00e9rkez\u00e9s\u00fck ut\u00e1n kaphatnak \u00e1lland\u00f3 ad\u00f3azonos\u00edt\u00f3 jelet. Azon k\u00fclf\u00f6ldi felhaszn\u00e1l\u00f3knak, akik Olaszorsz\u00e1gban k\u00edv\u00e1nnak ingatlan\u00fcgyleteket lebonyol\u00edtani, egy \u00e1ltaluk meghatalmazott szem\u00e9ly (ingatlan\u00fcgyn\u00f6k, \u00fcgyv\u00e9d, k\u00f6zjegyz\u0151) ig\u00e9nyelhet Olaszorsz\u00e1gban ad\u00f3azonos\u00edt\u00f3t. A k\u00e9relmet mindk\u00e9t esetben k\u00f6zvetlen\u00fcl a helyi [&hellip;]","protected":false},"author":5,"featured_media":0,"comment_status":"closed","ping_status":"closed","sticky":false,"template":"","format":"standard","meta":{"footnotes":""},"tags":[],"class_list":["post-3027","post","type-post","status-publish","format-standard","hentry"],"_links":{"self":[{"href":"https:\/\/ambbudapest.esteri.it\/hu\/wp-json\/wp\/v2\/posts\/3027","targetHints":{"allow":["GET"]}}],"collection":[{"href":"https:\/\/ambbudapest.esteri.it\/hu\/wp-json\/wp\/v2\/posts"}],"about":[{"href":"https:\/\/ambbudapest.esteri.it\/hu\/wp-json\/wp\/v2\/types\/post"}],"author":[{"embeddable":true,"href":"https:\/\/ambbudapest.esteri.it\/hu\/wp-json\/wp\/v2\/users\/5"}],"replies":[{"embeddable":true,"href":"https:\/\/ambbudapest.esteri.it\/hu\/wp-json\/wp\/v2\/comments?post=3027"}],"version-history":[{"count":1,"href":"https:\/\/ambbudapest.esteri.it\/hu\/wp-json\/wp\/v2\/posts\/3027\/revisions"}],"predecessor-version":[{"id":3029,"href":"https:\/\/ambbudapest.esteri.it\/hu\/wp-json\/wp\/v2\/posts\/3027\/revisions\/3029"}],"wp:attachment":[{"href":"https:\/\/ambbudapest.esteri.it\/hu\/wp-json\/wp\/v2\/media?parent=3027"}],"wp:term":[{"taxonomy":"post_tag","embeddable":true,"href":"https:\/\/ambbudapest.esteri.it\/hu\/wp-json\/wp\/v2\/tags?post=3027"}],"curies":[{"name":"wp","href":"https:\/\/api.w.org\/{rel}","templated":true}]}}