{"id":3017,"date":"2025-04-04T09:28:26","date_gmt":"2025-04-04T07:28:26","guid":{"rendered":"https:\/\/ambbudapest.esteri.it\/?p=3017"},"modified":"2025-04-04T09:30:53","modified_gmt":"2025-04-04T07:30:53","slug":"okmanyok-meghosszabbitasa","status":"publish","type":"post","link":"https:\/\/ambbudapest.esteri.it\/hu\/news\/dall_ambasciata\/2025\/04\/okmanyok-meghosszabbitasa\/","title":{"rendered":"Okm\u00e1nyok meghosszabb\u00edt\u00e1sa"},"content":{"rendered":"<p>K\u00e9rj\u00fck, id\u0151ben ellen\u0151rizz\u00e9k okm\u00e1nyaik \u00e9rv\u00e9nyess\u00e9g\u00e9t, hogy a lej\u00e1rati d\u00e1tum el\u0151tt k\u00e9rhessenek \u00faj okm\u00e1nyt. Id\u0151pont a <a href=\"https:\/\/prenotami.esteri.it\/\">Prenot@mi<\/a> port\u00e1lon kereszt\u00fcl foglalhat\u00f3.<\/p>\n","protected":false},"excerpt":{"rendered":"K\u00e9rj\u00fck, id\u0151ben ellen\u0151rizz\u00e9k okm\u00e1nyaik \u00e9rv\u00e9nyess\u00e9g\u00e9t, hogy a lej\u00e1rati d\u00e1tum el\u0151tt k\u00e9rhessenek \u00faj okm\u00e1nyt. Id\u0151pont a Prenot@mi port\u00e1lon kereszt\u00fcl foglalhat\u00f3.","protected":false},"author":5,"featured_media":0,"comment_status":"closed","ping_status":"closed","sticky":false,"template":"","format":"standard","meta":{"footnotes":""},"tags":[],"class_list":["post-3017","post","type-post","status-publish","format-standard","hentry"],"_links":{"self":[{"href":"https:\/\/ambbudapest.esteri.it\/hu\/wp-json\/wp\/v2\/posts\/3017","targetHints":{"allow":["GET"]}}],"collection":[{"href":"https:\/\/ambbudapest.esteri.it\/hu\/wp-json\/wp\/v2\/posts"}],"about":[{"href":"https:\/\/ambbudapest.esteri.it\/hu\/wp-json\/wp\/v2\/types\/post"}],"author":[{"embeddable":true,"href":"https:\/\/ambbudapest.esteri.it\/hu\/wp-json\/wp\/v2\/users\/5"}],"replies":[{"embeddable":true,"href":"https:\/\/ambbudapest.esteri.it\/hu\/wp-json\/wp\/v2\/comments?post=3017"}],"version-history":[{"count":1,"href":"https:\/\/ambbudapest.esteri.it\/hu\/wp-json\/wp\/v2\/posts\/3017\/revisions"}],"predecessor-version":[{"id":3020,"href":"https:\/\/ambbudapest.esteri.it\/hu\/wp-json\/wp\/v2\/posts\/3017\/revisions\/3020"}],"wp:attachment":[{"href":"https:\/\/ambbudapest.esteri.it\/hu\/wp-json\/wp\/v2\/media?parent=3017"}],"wp:term":[{"taxonomy":"post_tag","embeddable":true,"href":"https:\/\/ambbudapest.esteri.it\/hu\/wp-json\/wp\/v2\/tags?post=3017"}],"curies":[{"name":"wp","href":"https:\/\/api.w.org\/{rel}","templated":true}]}}