{"id":2897,"date":"2025-02-11T20:00:53","date_gmt":"2025-02-11T19:00:53","guid":{"rendered":"https:\/\/ambbudapest.esteri.it\/?p=2897"},"modified":"2025-02-11T15:47:04","modified_gmt":"2025-02-11T14:47:04","slug":"az-olasz-design-vilagnapja-2025","status":"publish","type":"post","link":"https:\/\/ambbudapest.esteri.it\/hu\/news\/dall_ambasciata\/2025\/02\/az-olasz-design-vilagnapja-2025\/","title":{"rendered":"Az Olasz Design Vil\u00e1gnapja \u2013 2025"},"content":{"rendered":"<p>A Kultur\u00e1lis Miniszt\u00e9rium, valamint a K\u00fcl\u00fcgy-\u00a0 \u00e9s Nemzetk\u00f6zi Egy\u00fcttm\u0171k\u00f6d\u00e9si Miniszt\u00e9rium \u00e1ltal t\u00e1mogatott, kilencedik alkalommal megrendez\u00e9sre ker\u00fcl\u0151 Olasz Design Vil\u00e1gnapja idei t\u00e9m\u00e1ja az \u201eEgyenl\u0151tlens\u00e9gek. A design egy jobb \u00e9let szolg\u00e1lat\u00e1ban\u201d szorosan \u00f6sszefon\u00f3dik a 2025. m\u00e1jus 13. \u00e9s szeptember 9. k\u00f6z\u00f6tt megrendez\u00e9sre ker\u00fcl\u0151, \u201eEgyenl\u0151tlens\u00e9gek. Hogyan tal\u00e1ljunk gy\u00f3gy\u00edrt az emberis\u00e9g s\u00e9r\u00fcl\u00e9seire\u201d c\u00edm\u0171 k\u00f6vetkez\u0151 <a href=\"https:\/\/triennale.org\/24-esposizione-internazionale\">Nemzetk\u00f6zi Mil\u00e1n\u00f3i Trienn\u00e1l\u00e9val<\/a>.<\/p>\n<p>Az idei vil\u00e1gnap\u00a0 alkalm\u00e1b\u00f3l 2025. febru\u00e1r 12-\u00e9n, szerd\u00e1n vet\u00edt\u00e9sre ker\u00fcl a Maria Cristina Didero designer e\u0301s Francesca Molteni a\u0301ltal i\u0301rt, e\u0301s Francesca Molteni a\u0301ltal rendezett \u201eMI, A T\u00d6BBIEK &#8211; Negyven \u00e9v k\u00f6z\u00f6s munka a design ter\u00fclet\u00e9n: a Campana fiv\u00e9rek \u00e9lete \u00e9s munk\u00e1ss\u00e1ga\u201d c\u00edm\u0171 dokumentumfilmet magyar felirattal. Az Olasz Kult\u0151rint\u00e9zetben megrendez\u00e9sre ker\u00fcl\u0151 esem\u00e9nyt kerekasztal-besz\u00e9lget\u00e9s k\u00f6veti a magyar design \u00e9s a szaksajt\u00f3 k\u00e9pvisel\u0151i r\u00e9szv\u00e9tel\u00e9vel.<\/p>\n<p>A 2025-\u00f6s kiad\u00e1s r\u00e9szek\u00e9nt a <a href=\"https:\/\/italyinhungary.com\/idd2025\">https:\/\/italyinhungary.com\/idd2025<\/a> oldalon megtekinthet\u0151\u00a0 a \u201cPINK &#8211;\u00a0 AZ OLASZ TERVEZ\u0150GRAFIKA N\u0150I ALAKJAI. A KEZDETEKT\u0150L NAPJAINKIG\u201d c\u00edm\u0171 virtu\u00e1lis ki\u00e1ll\u00edt\u00e1s, amely az Olaszorsz\u00e1gban dolgoz\u00f3 grafikus n\u0151k munk\u00e1ss\u00e1g\u00e1t t\u00e1rja el\u00e9nk a kezdetekt\u0151l napjainkig kiemelve a n\u0151k ezen szakm\u00e1ra \u00e9s az olasz vizu\u00e1lis kult\u00fara fejl\u0151d\u00e9s\u00e9re gyakorolt hat\u00e1s\u00e1t<\/p>\n","protected":false},"excerpt":{"rendered":"A Kultur\u00e1lis Miniszt\u00e9rium, valamint a K\u00fcl\u00fcgy-\u00a0 \u00e9s Nemzetk\u00f6zi Egy\u00fcttm\u0171k\u00f6d\u00e9si Miniszt\u00e9rium \u00e1ltal t\u00e1mogatott, kilencedik alkalommal megrendez\u00e9sre ker\u00fcl\u0151 Olasz Design Vil\u00e1gnapja idei t\u00e9m\u00e1ja az \u201eEgyenl\u0151tlens\u00e9gek. A design egy jobb \u00e9let szolg\u00e1lat\u00e1ban\u201d szorosan \u00f6sszefon\u00f3dik a 2025. m\u00e1jus 13. \u00e9s szeptember 9. k\u00f6z\u00f6tt megrendez\u00e9sre ker\u00fcl\u0151, \u201eEgyenl\u0151tlens\u00e9gek. Hogyan tal\u00e1ljunk gy\u00f3gy\u00edrt az emberis\u00e9g s\u00e9r\u00fcl\u00e9seire\u201d c\u00edm\u0171 k\u00f6vetkez\u0151 Nemzetk\u00f6zi Mil\u00e1n\u00f3i Trienn\u00e1l\u00e9val. Az idei [&hellip;]","protected":false},"author":4,"featured_media":2891,"comment_status":"closed","ping_status":"closed","sticky":false,"template":"","format":"standard","meta":{"footnotes":""},"tags":[],"class_list":["post-2897","post","type-post","status-publish","format-standard","has-post-thumbnail","hentry"],"_links":{"self":[{"href":"https:\/\/ambbudapest.esteri.it\/hu\/wp-json\/wp\/v2\/posts\/2897","targetHints":{"allow":["GET"]}}],"collection":[{"href":"https:\/\/ambbudapest.esteri.it\/hu\/wp-json\/wp\/v2\/posts"}],"about":[{"href":"https:\/\/ambbudapest.esteri.it\/hu\/wp-json\/wp\/v2\/types\/post"}],"author":[{"embeddable":true,"href":"https:\/\/ambbudapest.esteri.it\/hu\/wp-json\/wp\/v2\/users\/4"}],"replies":[{"embeddable":true,"href":"https:\/\/ambbudapest.esteri.it\/hu\/wp-json\/wp\/v2\/comments?post=2897"}],"version-history":[{"count":1,"href":"https:\/\/ambbudapest.esteri.it\/hu\/wp-json\/wp\/v2\/posts\/2897\/revisions"}],"predecessor-version":[{"id":2898,"href":"https:\/\/ambbudapest.esteri.it\/hu\/wp-json\/wp\/v2\/posts\/2897\/revisions\/2898"}],"wp:featuredmedia":[{"embeddable":true,"href":"https:\/\/ambbudapest.esteri.it\/hu\/wp-json\/wp\/v2\/media\/2891"}],"wp:attachment":[{"href":"https:\/\/ambbudapest.esteri.it\/hu\/wp-json\/wp\/v2\/media?parent=2897"}],"wp:term":[{"taxonomy":"post_tag","embeddable":true,"href":"https:\/\/ambbudapest.esteri.it\/hu\/wp-json\/wp\/v2\/tags?post=2897"}],"curies":[{"name":"wp","href":"https:\/\/api.w.org\/{rel}","templated":true}]}}