{"id":2857,"date":"2025-02-07T12:50:21","date_gmt":"2025-02-07T11:50:21","guid":{"rendered":"https:\/\/ambbudapest.esteri.it\/?p=2857"},"modified":"2025-02-07T12:51:38","modified_gmt":"2025-02-07T11:51:38","slug":"idopontfoglalas-konzulatusi-szolgaltatasokra","status":"publish","type":"post","link":"https:\/\/ambbudapest.esteri.it\/hu\/news\/dall_ambasciata\/2025\/02\/idopontfoglalas-konzulatusi-szolgaltatasokra\/","title":{"rendered":"Id\u0151pontfoglal\u00e1s konzul\u00e1tusi szolg\u00e1ltat\u00e1sokra"},"content":{"rendered":"<p>\u00c9rtes\u00edtj\u00fck a Konzuli Hivatal \u00fcgyfeleit, hogy az \u00e1llampolg\u00e1rs\u00e1g-, \u00fatlev\u00e9l-, v\u00edzum- \u00e9s szem\u00e9lyi igazolv\u00e1nyk\u00e9relmekhez kiz\u00e1r\u00f3lag a <a href=\"https:\/\/prenotami.esteri.it\/\">Prenot@Mi<\/a> port\u00e1lon kereszt\u00fcl foglalhat\u00f3k id\u0151pontok. Tov\u00e1bbi t\u00e1j\u00e9koztat\u00e1s\u00e9rt a <a href=\"mailto:consolare.budapest@esteri.it\">consolare.budapest@esteri.it<\/a> c\u00edmre \u00edrhatnak.<\/p>\n","protected":false},"excerpt":{"rendered":"\u00c9rtes\u00edtj\u00fck a Konzuli Hivatal \u00fcgyfeleit, hogy az \u00e1llampolg\u00e1rs\u00e1g-, \u00fatlev\u00e9l-, v\u00edzum- \u00e9s szem\u00e9lyi igazolv\u00e1nyk\u00e9relmekhez kiz\u00e1r\u00f3lag a Prenot@Mi port\u00e1lon kereszt\u00fcl foglalhat\u00f3k id\u0151pontok. Tov\u00e1bbi t\u00e1j\u00e9koztat\u00e1s\u00e9rt a consolare.budapest@esteri.it c\u00edmre \u00edrhatnak.","protected":false},"author":5,"featured_media":0,"comment_status":"closed","ping_status":"closed","sticky":false,"template":"","format":"standard","meta":{"footnotes":""},"tags":[],"class_list":["post-2857","post","type-post","status-publish","format-standard","hentry"],"_links":{"self":[{"href":"https:\/\/ambbudapest.esteri.it\/hu\/wp-json\/wp\/v2\/posts\/2857","targetHints":{"allow":["GET"]}}],"collection":[{"href":"https:\/\/ambbudapest.esteri.it\/hu\/wp-json\/wp\/v2\/posts"}],"about":[{"href":"https:\/\/ambbudapest.esteri.it\/hu\/wp-json\/wp\/v2\/types\/post"}],"author":[{"embeddable":true,"href":"https:\/\/ambbudapest.esteri.it\/hu\/wp-json\/wp\/v2\/users\/5"}],"replies":[{"embeddable":true,"href":"https:\/\/ambbudapest.esteri.it\/hu\/wp-json\/wp\/v2\/comments?post=2857"}],"version-history":[{"count":1,"href":"https:\/\/ambbudapest.esteri.it\/hu\/wp-json\/wp\/v2\/posts\/2857\/revisions"}],"predecessor-version":[{"id":2860,"href":"https:\/\/ambbudapest.esteri.it\/hu\/wp-json\/wp\/v2\/posts\/2857\/revisions\/2860"}],"wp:attachment":[{"href":"https:\/\/ambbudapest.esteri.it\/hu\/wp-json\/wp\/v2\/media?parent=2857"}],"wp:term":[{"taxonomy":"post_tag","embeddable":true,"href":"https:\/\/ambbudapest.esteri.it\/hu\/wp-json\/wp\/v2\/tags?post=2857"}],"curies":[{"name":"wp","href":"https:\/\/api.w.org\/{rel}","templated":true}]}}