{"id":2820,"date":"2025-01-23T09:37:20","date_gmt":"2025-01-23T08:37:20","guid":{"rendered":"https:\/\/ambbudapest.esteri.it\/?p=2820"},"modified":"2025-01-23T09:37:46","modified_gmt":"2025-01-23T08:37:46","slug":"felhivas","status":"publish","type":"post","link":"https:\/\/ambbudapest.esteri.it\/hu\/news\/dall_ambasciata\/2025\/01\/felhivas\/","title":{"rendered":"FELH\u00cdV\u00c1S"},"content":{"rendered":"<p>A Budapesti Olasz Nagyk\u00f6vets\u00e9g megkeres\u00e9st tesz k\u00f6zz\u00e9 a Konzul\u00e1tus fel\u00faj\u00edt\u00e1si munk\u00e1lataival kapcsolatos elj\u00e1r\u00e1s\u00e9rt kiz\u00e1r\u00f3lagosan felel\u0151s szem\u00e9ly sz\u00e1m\u00e1ra ny\u00fajtand\u00f3 t\u00e1mogat\u00f3 szolg\u00e1ltat\u00e1s ir\u00e1nt potenci\u00e1lisan \u00e9rdekl\u0151d\u0151 szem\u00e9lyek r\u00e9sz\u00e9re.<\/p>\n<p>A \u201eSz\u00e1nd\u00e9knyilatkozatokat\u201d legk\u00e9s\u0151bb 2025.01.31-\u00e9n 12 \u00f3r\u00e1ig kell elk\u00fcldeni e-mailben az <a href=\"mailto:amm.budapest@esteri.it\">amm.budapest@esteri.it<\/a> c\u00edmre.<\/p>\n","protected":false},"excerpt":{"rendered":"A Budapesti Olasz Nagyk\u00f6vets\u00e9g megkeres\u00e9st tesz k\u00f6zz\u00e9 a Konzul\u00e1tus fel\u00faj\u00edt\u00e1si munk\u00e1lataival kapcsolatos elj\u00e1r\u00e1s\u00e9rt kiz\u00e1r\u00f3lagosan felel\u0151s szem\u00e9ly sz\u00e1m\u00e1ra ny\u00fajtand\u00f3 t\u00e1mogat\u00f3 szolg\u00e1ltat\u00e1s ir\u00e1nt potenci\u00e1lisan \u00e9rdekl\u0151d\u0151 szem\u00e9lyek r\u00e9sz\u00e9re. A \u201eSz\u00e1nd\u00e9knyilatkozatokat\u201d legk\u00e9s\u0151bb 2025.01.31-\u00e9n 12 \u00f3r\u00e1ig kell elk\u00fcldeni e-mailben az amm.budapest@esteri.it c\u00edmre.","protected":false},"author":4,"featured_media":0,"comment_status":"closed","ping_status":"closed","sticky":false,"template":"","format":"standard","meta":{"footnotes":""},"tags":[],"class_list":["post-2820","post","type-post","status-publish","format-standard","hentry"],"_links":{"self":[{"href":"https:\/\/ambbudapest.esteri.it\/hu\/wp-json\/wp\/v2\/posts\/2820","targetHints":{"allow":["GET"]}}],"collection":[{"href":"https:\/\/ambbudapest.esteri.it\/hu\/wp-json\/wp\/v2\/posts"}],"about":[{"href":"https:\/\/ambbudapest.esteri.it\/hu\/wp-json\/wp\/v2\/types\/post"}],"author":[{"embeddable":true,"href":"https:\/\/ambbudapest.esteri.it\/hu\/wp-json\/wp\/v2\/users\/4"}],"replies":[{"embeddable":true,"href":"https:\/\/ambbudapest.esteri.it\/hu\/wp-json\/wp\/v2\/comments?post=2820"}],"version-history":[{"count":1,"href":"https:\/\/ambbudapest.esteri.it\/hu\/wp-json\/wp\/v2\/posts\/2820\/revisions"}],"predecessor-version":[{"id":2823,"href":"https:\/\/ambbudapest.esteri.it\/hu\/wp-json\/wp\/v2\/posts\/2820\/revisions\/2823"}],"wp:attachment":[{"href":"https:\/\/ambbudapest.esteri.it\/hu\/wp-json\/wp\/v2\/media?parent=2820"}],"wp:term":[{"taxonomy":"post_tag","embeddable":true,"href":"https:\/\/ambbudapest.esteri.it\/hu\/wp-json\/wp\/v2\/tags?post=2820"}],"curies":[{"name":"wp","href":"https:\/\/api.w.org\/{rel}","templated":true}]}}