{"id":2651,"date":"2024-11-25T08:37:59","date_gmt":"2024-11-25T07:37:59","guid":{"rendered":"https:\/\/ambbudapest.esteri.it\/?p=2651"},"modified":"2024-11-26T09:44:44","modified_gmt":"2024-11-26T08:44:44","slug":"az-olasz-kulugyminiszterium-es-nagykovetsegek-csatlakoznak-a-nok-elleni-eroszak-megszuntetesenek-vilagnapjahoz","status":"publish","type":"post","link":"https:\/\/ambbudapest.esteri.it\/hu\/news\/dall_ambasciata\/2024\/11\/az-olasz-kulugyminiszterium-es-nagykovetsegek-csatlakoznak-a-nok-elleni-eroszak-megszuntetesenek-vilagnapjahoz\/","title":{"rendered":"Az olasz k\u00fcl\u00fcgyminiszt\u00e9rium \u00e9s nagyk\u00f6vets\u00e9gek csatlakoznak A n\u0151k elleni er\u0151szak megsz\u00fcntet\u00e9s\u00e9nek vil\u00e1gnapj\u00e1hoz"},"content":{"rendered":"<p style=\"text-align: justify;\">Az olasz K\u00fcl\u00fcgyi \u00e9s Nemzetk\u00f6zi Egy\u00fcttm\u0171k\u00f6d\u00e9si Miniszt\u00e9rium id\u00e9n is csatlakozik \u201cA n\u0151k elleni er\u0151szak megsz\u00fcntet\u00e9s\u00e9nek vil\u00e1gnapja\u201d alkalm\u00e1b\u00f3l szervezett nemzetk\u00f6zi mozg\u00f3s\u00edt\u00f3 kamp\u00e1nyhoz. Amint azt a minisztereln\u00f6k-helyettes, Antonio Tajani k\u00fcl\u00fcgyminiszter \u00e9s nemzetk\u00f6zi egy\u00fcttm\u0171k\u00f6d\u00e9si miniszter kijelentette, \u201eOlaszorsz\u00e1gnak \u00e9len kell j\u00e1rnia a nemek k\u00f6z\u00f6tti egyenl\u0151s\u00e9g \u00e9s a n\u0151k emancip\u00e1ci\u00f3j\u00e1nak el\u0151mozd\u00edt\u00e1s\u00e1ban, k\u00fcl\u00f6n\u00f6sen a n\u0151kkel szembeni megk\u00fcl\u00f6nb\u00f6ztet\u00e9s \u00e9s er\u0151szak minden form\u00e1j\u00e1nak megel\u0151z\u00e9s\u00e9ben \u00e9s lek\u00fczd\u00e9s\u00e9ben\u201d.<\/p>\n<p style=\"text-align: justify;\">Id\u00e9n a t\u00e9ma helyet kap a G7-ek Fiuggi-Anagni-i k\u00fcl\u00fcgyminiszteri tal\u00e1lkoz\u00f3j\u00e1n is. November 25-\u00e9n, a miniszteri tal\u00e1lkoz\u00f3 alatt, az er\u0151szak \u00e1ldozat\u00e1ul esett n\u0151k \u00e9s elvesztett \u00e9let\u00fck eml\u00e9k\u00e9re egy \u201ev\u00f6r\u00f6s pad\u201d felavat\u00e1s\u00e1ra ker\u00fcl sor, amelyet a Fiuggi V\u00e1rosi Sz\u00ednh\u00e1zban &#8211; amelynek homlokzat\u00e1t erre az alkalomra narancss\u00e1rga sz\u00ednnel vil\u00e1g\u00edtj\u00e1k meg &#8211; a jelen l\u00e9v\u0151 k\u00fcl\u00fcgyminiszterek \u00e1ltali eml\u00e9kt\u00e1bla elhelyez\u00e9se k\u00eds\u00e9r.<\/p>\n<p style=\"text-align: justify;\">A kezdem\u00e9nyez\u00e9s igazol\u00e1sa annak a figyelemnek, amelyet Olaszorsz\u00e1g a G7 eln\u00f6ks\u00e9g\u00e9t bet\u00f6ltve a n\u0151k \u00e9s l\u00e1nyok elleni er\u0151szak megel\u0151z\u00e9s\u00e9nek \u00e9s lek\u00fczd\u00e9s\u00e9nek k\u00e9rd\u00e9s\u00e9re k\u00edv\u00e1nt ford\u00edtani, k\u00fcl\u00f6n\u00f6sen a sz\u00e1mos konfliktushelyzetben, ahol a szexu\u00e1lis er\u0151szakot h\u00e1bor\u00fas fegyverk\u00e9nt is alkalmazz\u00e1k.<\/p>\n<p style=\"text-align: justify;\">Tajani miniszter \u00fatmutat\u00e1sa szerint a miniszt\u00e9rium \u00e9s k\u00fclf\u00f6ldi h\u00e1l\u00f3zata is csatlakozik az UN Women \u00e1ltal t\u00e1mogatott \u201eOrange the World: End Violence against Women Now!\u201d kamp\u00e1nyhoz, amely a civil t\u00e1rsadalommal kar\u00f6ltve egy 16 napos kezdem\u00e9nyez\u00e9st ind\u00edt \u00fatj\u00e1ra. Ebb\u0151l az alkalomb\u00f3l az olasz k\u00fcl\u00fcgyminiszt\u00e9rium \u00e9p\u00fclet\u00e9t november 25-\u00e9n narancssz\u00ednnel vil\u00e1g\u00edtjuk meg.<\/p>\n<p style=\"text-align: justify;\">A n\u0151k elleni er\u0151szak felsz\u00e1mol\u00e1sa \u00e9s a n\u0151k emancip\u00e1ci\u00f3j\u00e1nak t\u00e1mogat\u00e1sa az olasz k\u00fcl- \u00e9s fejl\u0151d\u00e9st el\u0151seg\u00edt\u0151 egy\u00fcttm\u0171k\u00f6d\u00e9sre ir\u00e1nyul\u00f3 politikai tev\u00e9kenys\u00e9g pill\u00e9rei k\u00f6z\u00f6tt tal\u00e1lhat\u00f3. Ennek bizony\u00edt\u00e9ka az a sz\u00e1mos nemzetk\u00f6zi kamp\u00e1ny, p\u00e9ld\u00e1ul a n\u0151i nemi szervek megcsonk\u00edt\u00e1s\u00e1nak, valamint a korai \u00e9s k\u00e9nyszerh\u00e1zass\u00e1gok felsz\u00e1mol\u00e1s\u00e1nak kamp\u00e1nyai, amelyekben Olaszorsz\u00e1g mindig is a frontvonalban \u00e1llt, valamint az ENSZ N\u0151k Helyzet\u00e9vel Foglalkoz\u00f3 Bizotts\u00e1g\u00e1ban val\u00f3 elk\u00f6telezetts\u00e9g\u00fcnk.<\/p>\n<p style=\"text-align: justify;\">Az ENSZ \u201eN\u0151k, b\u00e9ke \u00e9s biztons\u00e1g\u201d program keret\u00e9ben Olaszorsz\u00e1g egy k\u00fcl\u00f6n nemzeti cselekv\u00e9si terv r\u00e9v\u00e9n szint\u00e9n \u00e9len j\u00e1r az ENSZ tag\u00e1llamai k\u00f6z\u00f6tt, olyan kezdem\u00e9nyez\u00e9seket t\u00e1mogatva, amelyek minden konfliktusmegel\u0151z\u00e9si \u00e9s -megold\u00e1si tev\u00e9kenys\u00e9gben a n\u0151k teljes k\u00f6r\u0171 r\u00e9szv\u00e9tel\u00e9nek el\u0151seg\u00edt\u00e9s\u00e9re ir\u00e1nyulnak, mint p\u00e9ld\u00e1ul az Olaszorsz\u00e1g \u00e1ltal 2017-ben elind\u00edtott N\u0151i k\u00f6zvet\u00edt\u0151k h\u00e1l\u00f3zata a mediterr\u00e1n t\u00e9rs\u00e9gben.<\/p>\n<p style=\"text-align: justify;\">A nemek k\u00f6z\u00f6tti egyenl\u0151s\u00e9gr\u0151l, valamint a n\u0151k, l\u00e1nyok \u00e9s gyermekek helyzet\u00e9nek jav\u00edt\u00e1s\u00e1r\u00f3l sz\u00f3l\u00f3, nemr\u00e9giben elfogadott olasz egy\u00fcttm\u0171k\u00f6d\u00e9si ir\u00e1nymutat\u00e1sok c\u00e9lja ebben az \u00e9rtelemben elk\u00f6telezetts\u00e9g\u00fcnk tov\u00e1bbi fokoz\u00e1sa konkr\u00e9t, a n\u0151k, az any\u00e1k \u00e9s gyermekek j\u00f3l\u00e9t\u00e9t\u0151l, a szexu\u00e1lis \u00e9s reprodukci\u00f3s eg\u00e9szs\u00e9gen kereszt\u00fcl a l\u00e1nyok \u00e9s n\u0151k oktat\u00e1s\u00e1t seg\u00edt\u0151 programok t\u00e1mogat\u00e1s\u00e1ig terjed\u0151 kezdem\u00e9nyez\u00e9sekig bez\u00e1r\u00f3lag.<\/p>\n<p style=\"text-align: justify;\">Tajani miniszter \u00far k\u00e9r\u00e9s\u00e9re az olasz k\u00fcl\u00fcgyminiszt\u00e9rium a m\u00e9rn\u00f6ki diplom\u00e1j\u00e1nak megszerz\u00e9se el\u0151tt n\u0151gyilkoss\u00e1g \u00e1ldozat\u00e1v\u00e1 v\u00e1lt Giulia Cecchettin eml\u00e9k\u00e9nek szentelte a fiatal nemzetk\u00f6zi tehets\u00e9gek sz\u00e1m\u00e1ra l\u00e9trehozott \u201eInvest Your Talent in Italy\u201d \u00f6szt\u00f6nd\u00edjprogramot, amely az olasz egyetemeken foly\u00f3 magasan specializ\u00e1lt m\u00e9rn\u00f6ki, k\u00f6zgazdas\u00e1gi illetve \u00e9p\u00edt\u00e9sz k\u00e9pz\u00e9seket olasz v\u00e1llalatokn\u00e1l t\u00f6lt\u00f6tt k\u00e9pz\u00e9si id\u0151szakokkal kombin\u00e1lja.<\/p>\n","protected":false},"excerpt":{"rendered":"Az olasz K\u00fcl\u00fcgyi \u00e9s Nemzetk\u00f6zi Egy\u00fcttm\u0171k\u00f6d\u00e9si Miniszt\u00e9rium id\u00e9n is csatlakozik \u201cA n\u0151k elleni er\u0151szak megsz\u00fcntet\u00e9s\u00e9nek vil\u00e1gnapja\u201d alkalm\u00e1b\u00f3l szervezett nemzetk\u00f6zi mozg\u00f3s\u00edt\u00f3 kamp\u00e1nyhoz. Amint azt a minisztereln\u00f6k-helyettes, Antonio Tajani k\u00fcl\u00fcgyminiszter \u00e9s nemzetk\u00f6zi egy\u00fcttm\u0171k\u00f6d\u00e9si miniszter kijelentette, \u201eOlaszorsz\u00e1gnak \u00e9len kell j\u00e1rnia a nemek k\u00f6z\u00f6tti egyenl\u0151s\u00e9g \u00e9s a n\u0151k emancip\u00e1ci\u00f3j\u00e1nak el\u0151mozd\u00edt\u00e1s\u00e1ban, k\u00fcl\u00f6n\u00f6sen a n\u0151kkel szembeni megk\u00fcl\u00f6nb\u00f6ztet\u00e9s \u00e9s er\u0151szak minden form\u00e1j\u00e1nak [&hellip;]","protected":false},"author":4,"featured_media":2648,"comment_status":"closed","ping_status":"closed","sticky":false,"template":"","format":"standard","meta":{"footnotes":""},"tags":[10],"class_list":["post-2651","post","type-post","status-publish","format-standard","has-post-thumbnail","hentry","tag-diritti-umani"],"_links":{"self":[{"href":"https:\/\/ambbudapest.esteri.it\/hu\/wp-json\/wp\/v2\/posts\/2651","targetHints":{"allow":["GET"]}}],"collection":[{"href":"https:\/\/ambbudapest.esteri.it\/hu\/wp-json\/wp\/v2\/posts"}],"about":[{"href":"https:\/\/ambbudapest.esteri.it\/hu\/wp-json\/wp\/v2\/types\/post"}],"author":[{"embeddable":true,"href":"https:\/\/ambbudapest.esteri.it\/hu\/wp-json\/wp\/v2\/users\/4"}],"replies":[{"embeddable":true,"href":"https:\/\/ambbudapest.esteri.it\/hu\/wp-json\/wp\/v2\/comments?post=2651"}],"version-history":[{"count":2,"href":"https:\/\/ambbudapest.esteri.it\/hu\/wp-json\/wp\/v2\/posts\/2651\/revisions"}],"predecessor-version":[{"id":2654,"href":"https:\/\/ambbudapest.esteri.it\/hu\/wp-json\/wp\/v2\/posts\/2651\/revisions\/2654"}],"wp:featuredmedia":[{"embeddable":true,"href":"https:\/\/ambbudapest.esteri.it\/hu\/wp-json\/wp\/v2\/media\/2648"}],"wp:attachment":[{"href":"https:\/\/ambbudapest.esteri.it\/hu\/wp-json\/wp\/v2\/media?parent=2651"}],"wp:term":[{"taxonomy":"post_tag","embeddable":true,"href":"https:\/\/ambbudapest.esteri.it\/hu\/wp-json\/wp\/v2\/tags?post=2651"}],"curies":[{"name":"wp","href":"https:\/\/api.w.org\/{rel}","templated":true}]}}