{"id":2641,"date":"2024-11-19T10:35:44","date_gmt":"2024-11-19T09:35:44","guid":{"rendered":"https:\/\/ambbudapest.esteri.it\/?p=2641"},"modified":"2024-11-19T10:39:42","modified_gmt":"2024-11-19T09:39:42","slug":"9-olasz-gasztronomiai-vilaghet-unnepelyes-bemutatoja","status":"publish","type":"post","link":"https:\/\/ambbudapest.esteri.it\/hu\/news\/dall_ambasciata\/2024\/11\/9-olasz-gasztronomiai-vilaghet-unnepelyes-bemutatoja\/","title":{"rendered":"9. Olasz gasztron\u00f3miai vil\u00e1gh\u00e9t \u00fcnnep\u00e9lyes bemutat\u00f3ja"},"content":{"rendered":"<div class=\"x11i5rnm xat24cr x1mh8g0r x1vvkbs xtlvy1s x126k92a\">\n<div dir=\"auto\">2024. november 19-\u00e9n, 16:30-kor az olasz K\u00fcl\u00fcgyi \u00e9s Nemzetk\u00f6zi Egy\u00fcttm\u0171k\u00f6d\u00e9si Miniszt\u00e9rium Nemzetk\u00f6zi Konferenciaterm\u00e9ben ker\u00fcl sor a 9. Olasz gasztron\u00f3miai vil\u00e1gh\u00e9t \u00fcnnep\u00e9lyes bemutat\u00f3j\u00e1ra, amelynek t\u00e1rseln\u00f6kei Antonio Tajani miniszter \u00far \u00e9s Francesco Lollobrigida Mez\u0151gazdas\u00e1gi, \u00e9lelmiszer-szuverenit\u00e1s\u00e9rt \u00e9s erd\u0151k\u00e9rt felel\u0151s miniszter \u00far lesznek. Felsz\u00f3lalnak tov\u00e1bbi int\u00e9zm\u00e9nyek, valamint az olasz agr\u00e1r-ipari \u00e1gazat jeles k\u00e9pvisel\u0151i.<\/div>\n<\/div>\n<div class=\"x11i5rnm xat24cr x1mh8g0r x1vvkbs xtlvy1s x126k92a\">\n<div dir=\"auto\">Az esem\u00e9ny k\u00f6zvet\u00edt\u00e9se a K\u00fcl\u00fcgyi \u00e9s a Nemzetk\u00f6zi Egy\u00fcttm\u0171k\u00f6d\u00e9si Miniszt\u00e9rium YouTube-csatorn\u00e1j\u00e1n lesz el\u00e9rhet\u0151.<\/div>\n<div dir=\"auto\">Olasz nyelv\u0171 k\u00f6zvet\u00edt\u00e9s: <span class=\"html-span xdj266r x11i5rnm xat24cr x1mh8g0r xexx8yu x4uap5 x18d9i69 xkhd6sd x1hl2dhg x16tdsg8 x1vvkbs\"><a class=\"x1i10hfl xjbqb8w x1ejq31n xd10rxx x1sy0etr x17r0tee x972fbf xcfux6l x1qhh985 xm0m39n x9f619 x1ypdohk xt0psk2 xe8uvvx xdj266r x11i5rnm xat24cr x1mh8g0r xexx8yu x4uap5 x18d9i69 xkhd6sd x16tdsg8 x1hl2dhg xggy1nq x1a2a7pz x1sur9pj xkrqix3 x1fey0fg x1s688f\" tabindex=\"0\" role=\"link\" href=\"https:\/\/youtube.com\/live\/dBnC7ZiiKrc?feature=share&amp;fbclid=IwZXh0bgNhZW0CMTAAAR2Tyd6-DblDfWhi67bRzRqvVKybR9HN0IRabI6zf_gHE7c0d2te__u2vLQ_aem_HI7cYVZkTvi5AU1IGrEXyg\" target=\"_blank\" rel=\"nofollow noopener\">https:\/\/youtube.com\/live\/dBnC7ZiiKrc?feature=share<\/a><\/span><\/div>\n<div dir=\"auto\">Angol nyelv\u0171 k\u00f6zvet\u00edt\u00e9s: <span class=\"html-span xdj266r x11i5rnm xat24cr x1mh8g0r xexx8yu x4uap5 x18d9i69 xkhd6sd x1hl2dhg x16tdsg8 x1vvkbs\"><a class=\"x1i10hfl xjbqb8w x1ejq31n xd10rxx x1sy0etr x17r0tee x972fbf xcfux6l x1qhh985 xm0m39n x9f619 x1ypdohk xt0psk2 xe8uvvx xdj266r x11i5rnm xat24cr x1mh8g0r xexx8yu x4uap5 x18d9i69 xkhd6sd x16tdsg8 x1hl2dhg xggy1nq x1a2a7pz x1sur9pj xkrqix3 x1fey0fg x1s688f\" tabindex=\"0\" role=\"link\" href=\"https:\/\/youtube.com\/live\/FxmyJvid5Lk?feature=share&amp;fbclid=IwZXh0bgNhZW0CMTAAAR0Kh0tlXeHy6BS_dWZp5ePkvilzfTBO694meNIsR8a98trkCWV2jJWvIYc_aem_rzwb3S1HX0_WlXDjNHHF9w\" target=\"_blank\" rel=\"nofollow noopener\">https:\/\/youtube.com\/live\/FxmyJvid5Lk?feature=share<\/a><\/span><\/div>\n<\/div>\n","protected":false},"excerpt":{"rendered":"2024. november 19-\u00e9n, 16:30-kor az olasz K\u00fcl\u00fcgyi \u00e9s Nemzetk\u00f6zi Egy\u00fcttm\u0171k\u00f6d\u00e9si Miniszt\u00e9rium Nemzetk\u00f6zi Konferenciaterm\u00e9ben ker\u00fcl sor a 9. Olasz gasztron\u00f3miai vil\u00e1gh\u00e9t \u00fcnnep\u00e9lyes bemutat\u00f3j\u00e1ra, amelynek t\u00e1rseln\u00f6kei Antonio Tajani miniszter \u00far \u00e9s Francesco Lollobrigida Mez\u0151gazdas\u00e1gi, \u00e9lelmiszer-szuverenit\u00e1s\u00e9rt \u00e9s erd\u0151k\u00e9rt felel\u0151s miniszter \u00far lesznek. Felsz\u00f3lalnak tov\u00e1bbi int\u00e9zm\u00e9nyek, valamint az olasz agr\u00e1r-ipari \u00e1gazat jeles k\u00e9pvisel\u0151i. Az esem\u00e9ny k\u00f6zvet\u00edt\u00e9se a K\u00fcl\u00fcgyi \u00e9s [&hellip;]","protected":false},"author":4,"featured_media":2637,"comment_status":"closed","ping_status":"closed","sticky":false,"template":"","format":"standard","meta":{"footnotes":""},"tags":[],"class_list":["post-2641","post","type-post","status-publish","format-standard","has-post-thumbnail","hentry"],"_links":{"self":[{"href":"https:\/\/ambbudapest.esteri.it\/hu\/wp-json\/wp\/v2\/posts\/2641","targetHints":{"allow":["GET"]}}],"collection":[{"href":"https:\/\/ambbudapest.esteri.it\/hu\/wp-json\/wp\/v2\/posts"}],"about":[{"href":"https:\/\/ambbudapest.esteri.it\/hu\/wp-json\/wp\/v2\/types\/post"}],"author":[{"embeddable":true,"href":"https:\/\/ambbudapest.esteri.it\/hu\/wp-json\/wp\/v2\/users\/4"}],"replies":[{"embeddable":true,"href":"https:\/\/ambbudapest.esteri.it\/hu\/wp-json\/wp\/v2\/comments?post=2641"}],"version-history":[{"count":1,"href":"https:\/\/ambbudapest.esteri.it\/hu\/wp-json\/wp\/v2\/posts\/2641\/revisions"}],"predecessor-version":[{"id":2644,"href":"https:\/\/ambbudapest.esteri.it\/hu\/wp-json\/wp\/v2\/posts\/2641\/revisions\/2644"}],"wp:featuredmedia":[{"embeddable":true,"href":"https:\/\/ambbudapest.esteri.it\/hu\/wp-json\/wp\/v2\/media\/2637"}],"wp:attachment":[{"href":"https:\/\/ambbudapest.esteri.it\/hu\/wp-json\/wp\/v2\/media?parent=2641"}],"wp:term":[{"taxonomy":"post_tag","embeddable":true,"href":"https:\/\/ambbudapest.esteri.it\/hu\/wp-json\/wp\/v2\/tags?post=2641"}],"curies":[{"name":"wp","href":"https:\/\/api.w.org\/{rel}","templated":true}]}}