{"id":2633,"date":"2024-11-18T14:40:24","date_gmt":"2024-11-18T13:40:24","guid":{"rendered":"https:\/\/ambbudapest.esteri.it\/?p=2633"},"modified":"2024-12-05T09:32:40","modified_gmt":"2024-12-05T08:32:40","slug":"kilencedik-olasz-gasztronomiai-vilaghet","status":"publish","type":"post","link":"https:\/\/ambbudapest.esteri.it\/hu\/news\/dall_ambasciata\/2024\/11\/kilencedik-olasz-gasztronomiai-vilaghet\/","title":{"rendered":"KILENCEDIK OLASZ GASZTRON\u00d3MIAI VIL\u00c1GH\u00c9T"},"content":{"rendered":"<p>2024. november 18. e\u0301s 24. ko\u0308zo\u0308tt ide\u0301n is egyu\u0308tt u\u0308nnepelju\u0308k az Olasz Gasztrono\u0301miai Vila\u0301ghetet.<\/p>\n<p>Az id\u00e9n kilencedik alkalommal megrendez\u00e9sre ker\u00fcl\u0151 Olasz Gasztron\u00f3miai Vil\u00e1gh\u00e9t\u00a0 t\u00e9m\u00e1ja \u201e<em>A mediterr\u00e1n \u00e9trend \u00e9s a <\/em><em>gy\u00f6kerekhez visszany\u00fal\u00f3 konyha<\/em><em>: eg\u00e9szs\u00e9g \u00e9s hagyom\u00e1ny<\/em>\u201d. A rendezv\u00e9ny c\u00e9lja, hogy bemutassa a magyar k\u00f6z\u00f6ns\u00e9gnek az olasz konyh\u00e1t, k\u00fcl\u00f6n\u00f6s tekintettel annak gy\u00f6kereire \u00e9s a mediterr\u00e1n di\u00e9ta eg\u00e9szs\u00e9gmeg\u0151rz\u00e9s tekintet\u00e9ben elismert szerep\u00e9re, amely 2010-t\u0151l az UNESCO szellemi kultur\u00e1lis \u00f6r\u00f6ks\u00e9g list\u00e1j\u00e1n szerepel, mint a t\u00e1rsadalmi interakci\u00f3t seg\u00edt\u0151 \u00e9s a vid\u00e9k \u00e9s a biol\u00f3giai sokf\u00e9les\u00e9g tiszteletben tart\u00e1s\u00e1n alapul\u00f3 rendszer.<\/p>\n<p>Az idei rendezv\u00e9ny szorosan \u00f6sszefon\u00f3dik a 2024-re meghirdetett \u201e<em>Olasz gy\u00f6kerek \u00e9ve<\/em>\u201d programmal, mivel kiemeli \u00e9s t\u00e1maszkodik a k\u00fclf\u00f6ld\u00f6n \u00e9l\u0151 k\u00f6z\u00f6ss\u00e9geink mez\u0151gazdas\u00e1gi \u00e9s \u00e9lelmiszeripari \u00f6r\u00f6ks\u00e9g\u00fcnk \u00e9s a hagyom\u00e1nyos olasz konyha vil\u00e1gszerte t\u00f6rt\u00e9n\u0151 terjeszt\u00e9s\u00e9ben bet\u00f6lt\u00f6tt szerep\u00e9re, valamint a kiv\u00e1ndorolt honfit\u00e1rsaink \u00e9s ut\u00f3daik sz\u00e1rmaz\u00e1si helyeire ir\u00e1nyul\u00f3 \u00fagynevezett visszat\u00e9r\u0151 turizmusra.<\/p>\n<p>Ezzel kapcsolatosan az olasz k\u00fcl\u00fcgyminiszt\u00e9rium a \u201e<em>La Cucina Italiana<\/em>\u201d c\u00edm\u0171 foly\u00f3irat tudom\u00e1nyos k\u00f6zrem\u0171k\u00f6d\u00e9s\u00e9vel multim\u00e9di\u00e1s projektet fejlesztett \u201e<em>T\u00f6rt\u00e9netek a gy\u00f6kerekr\u0151l\u201d<\/em>\u00a0 c\u00edmmel, amellyel a k\u00fclf\u00f6ld\u00f6n \u00e9l\u0151 k\u00f6z\u00f6ss\u00e9geinken kereszt\u00fcl vil\u00e1g\u00edt r\u00e1 a konyha, a vid\u00e9k \u00e9s az eml\u00e9kezet k\u00f6z\u00f6tti kapcsolatra.<\/p>\n<p>Az idei rendezv\u00e9ny tartalmainak megtekint\u00e9s\u00e9hez kattints <a href=\"https:\/\/italyinhungary.com\/olasz-gasztronomiai-vilaghet-2024\/\">ide.<\/a><\/p>\n","protected":false},"excerpt":{"rendered":"2024. november 18. e\u0301s 24. ko\u0308zo\u0308tt ide\u0301n is egyu\u0308tt u\u0308nnepelju\u0308k az Olasz Gasztrono\u0301miai Vila\u0301ghetet. Az id\u00e9n kilencedik alkalommal megrendez\u00e9sre ker\u00fcl\u0151 Olasz Gasztron\u00f3miai Vil\u00e1gh\u00e9t\u00a0 t\u00e9m\u00e1ja \u201eA mediterr\u00e1n \u00e9trend \u00e9s a gy\u00f6kerekhez visszany\u00fal\u00f3 konyha: eg\u00e9szs\u00e9g \u00e9s hagyom\u00e1ny\u201d. A rendezv\u00e9ny c\u00e9lja, hogy bemutassa a magyar k\u00f6z\u00f6ns\u00e9gnek az olasz konyh\u00e1t, k\u00fcl\u00f6n\u00f6s tekintettel annak gy\u00f6kereire \u00e9s a mediterr\u00e1n di\u00e9ta eg\u00e9szs\u00e9gmeg\u0151rz\u00e9s [&hellip;]","protected":false},"author":4,"featured_media":2629,"comment_status":"closed","ping_status":"closed","sticky":false,"template":"","format":"standard","meta":{"footnotes":""},"tags":[],"class_list":["post-2633","post","type-post","status-publish","format-standard","has-post-thumbnail","hentry"],"_links":{"self":[{"href":"https:\/\/ambbudapest.esteri.it\/hu\/wp-json\/wp\/v2\/posts\/2633","targetHints":{"allow":["GET"]}}],"collection":[{"href":"https:\/\/ambbudapest.esteri.it\/hu\/wp-json\/wp\/v2\/posts"}],"about":[{"href":"https:\/\/ambbudapest.esteri.it\/hu\/wp-json\/wp\/v2\/types\/post"}],"author":[{"embeddable":true,"href":"https:\/\/ambbudapest.esteri.it\/hu\/wp-json\/wp\/v2\/users\/4"}],"replies":[{"embeddable":true,"href":"https:\/\/ambbudapest.esteri.it\/hu\/wp-json\/wp\/v2\/comments?post=2633"}],"version-history":[{"count":1,"href":"https:\/\/ambbudapest.esteri.it\/hu\/wp-json\/wp\/v2\/posts\/2633\/revisions"}],"predecessor-version":[{"id":2634,"href":"https:\/\/ambbudapest.esteri.it\/hu\/wp-json\/wp\/v2\/posts\/2633\/revisions\/2634"}],"wp:featuredmedia":[{"embeddable":true,"href":"https:\/\/ambbudapest.esteri.it\/hu\/wp-json\/wp\/v2\/media\/2629"}],"wp:attachment":[{"href":"https:\/\/ambbudapest.esteri.it\/hu\/wp-json\/wp\/v2\/media?parent=2633"}],"wp:term":[{"taxonomy":"post_tag","embeddable":true,"href":"https:\/\/ambbudapest.esteri.it\/hu\/wp-json\/wp\/v2\/tags?post=2633"}],"curies":[{"name":"wp","href":"https:\/\/api.w.org\/{rel}","templated":true}]}}