{"id":2551,"date":"2024-10-08T13:02:21","date_gmt":"2024-10-08T11:02:21","guid":{"rendered":"https:\/\/ambbudapest.esteri.it\/?p=2551"},"modified":"2024-10-08T13:21:16","modified_gmt":"2024-10-08T11:21:16","slug":"cei-ebrd-alap-a-know-how-exchange-programme-kep-2024-es-palyazati-felhivasa-unios-es-nem-unios-cei-orszagok-kozotti-know-how-cserere-iranyulo-projektek-finanszirozasa","status":"publish","type":"post","link":"https:\/\/ambbudapest.esteri.it\/hu\/news\/dall_ambasciata\/2024\/10\/cei-ebrd-alap-a-know-how-exchange-programme-kep-2024-es-palyazati-felhivasa-unios-es-nem-unios-cei-orszagok-kozotti-know-how-cserere-iranyulo-projektek-finanszirozasa\/","title":{"rendered":"CEI-EBRD alap &#8211; A Know-How Exchange Programme (KEP) 2024-es p\u00e1ly\u00e1zati felh\u00edv\u00e1sa. Uni\u00f3s \u00e9s nem uni\u00f3s CEI orsz\u00e1gok k\u00f6z\u00f6tti know-how cser\u00e9re ir\u00e1nyul\u00f3 projektek finansz\u00edroz\u00e1sa."},"content":{"rendered":"<p>A K\u00f6z\u00e9p-Eur\u00f3pai kezdem\u00e9nyez\u00e9s (CEI) Titk\u00e1rs\u00e1ga meghirdette a \u201eKnow-How Exchange\u201d (KEP) program keret\u00e9n bel\u00fcl t\u00e1rsfinansz\u00edrozand\u00f3 projektjavaslatok beny\u00fajt\u00e1s\u00e1nak felt\u00e9teleit, amelyet teljes eg\u00e9sz\u00e9ben Olaszorsz\u00e1g finansz\u00edroz a CEI-EBRD alapon kereszt\u00fcl. A KEP program c\u00e9lja a t\u00e1rsadalmi-gazdas\u00e1gi fejl\u0151d\u00e9s \u00e9s az uni\u00f3s \u00e9rt\u00e9kek \u00e9s norm\u00e1k terjeszt\u00e9se a CEI uni\u00f3s tagorsz\u00e1gai &#8211; k\u00f6zt\u00fck Magyarorsz\u00e1g \u2013 \u00e1llami \u00e9s mag\u00e1n jogi szem\u00e9lyei \u00e9s az CEI nem uni\u00f3s partnerorsz\u00e1gai (Alb\u00e1nia, Bosznia-Hercegovina, Moldova, Montenegr\u00f3, \u00c9szak-Maced\u00f3nia, Szerbia, Ukrajna) k\u00f6z\u00f6tti egy\u00fcttm\u0171k\u00f6d\u00e9seken kereszt\u00fcl.<\/p>\n<p>A projektjavaslatokat <u>2<strong>024. november 15-ig (k\u00f6z\u00e9p-eur\u00f3pai id\u0151 szerint 23:59-ig<\/strong><\/u><strong>)<\/strong> ny\u00fajthatj\u00e1k be a CEI-orsz\u00e1gokban sz\u00e9khellyel rendelkez\u0151 \u00e9s m\u0171k\u00f6d\u0151 mag\u00e1n- vagy k\u00f6zjogi jogalanyok, bele\u00e9rtve a nemzetk\u00f6zi szervezeteket is, \u00e9s azoknak olyan egy\u00fcttm\u0171k\u00f6d\u00e9si kezdem\u00e9nyez\u00e9sekre kell vonatkozniuk, amelyek a CEI nem uni\u00f3s orsz\u00e1gokban sz\u00e9khellyel rendelkez\u0151 mag\u00e1n- vagy k\u00f6zjogi partnerek jav\u00e1t szolg\u00e1lj\u00e1k.<\/p>\n<p>A t\u00e1mogathat\u00f3 tev\u00e9kenys\u00e9gek k\u00f6z\u00e9 tartoznak t\u00f6bbek k\u00f6z\u00f6tt: technikai seg\u00edts\u00e9gny\u00fajt\u00e1s, technol\u00f3gia, tud\u00e1s \u00e9s bev\u00e1lt gyakorlatok \u00e1tad\u00e1sa, szemin\u00e1riumi k\u00e9pz\u00e9sek, munkav\u00e1llal\u00f3k kik\u00fcldet\u00e9se, amelyek c\u00e9lja a kedvezm\u00e9nyezett orsz\u00e1gokban az eur\u00f3pai integr\u00e1ci\u00f3 folyamat\u00e1nak t\u00e1mogat\u00e1sa, a k\u00e9szs\u00e9gek fejleszt\u00e9se \u00e9s a piacgazdas\u00e1gok zavartalan m\u0171k\u00f6d\u00e9se, az infrastrukt\u00fara tervez\u00e9se \u00e9s fejleszt\u00e9se, valamint a fenntarthat\u00f3s\u00e1g a mez\u0151gazdas\u00e1g, az energia \u00e9s a k\u00f6rnyezetv\u00e9delem ter\u00fclet\u00e9n.<\/p>\n<p>Annak ellen\u00e9re, hogy a KEP-program \u00e1ltal ny\u00fajtott t\u00e1rsfinansz\u00edroz\u00e1s korl\u00e1tozott (a k\u00f6lts\u00e9gvet\u00e9s legfeljebb 50%-a, \u00e9s nem t\u00f6bb, mint 40 000 eur\u00f3 projektenk\u00e9nt), az eszk\u00f6z hasznosnak bizonyult az \u00e9vek sor\u00e1n a k\u00f6z- \u00e9s mag\u00e1nszektorban m\u00e1r folyamatban l\u00e9v\u0151 vagy tervezett projektkezdem\u00e9nyez\u00e9sek t\u00e1mogat\u00e1s\u00e1ban az EU orsz\u00e1gai (k\u00fcl\u00f6n\u00f6s tekintettel Olaszorsz\u00e1gra) \u00e9s a CEI ter\u00fclet\u00e9n l\u00e9v\u0151 nem uni\u00f3s orsz\u00e1gok k\u00f6z\u00f6tti k\u00e9t- \u00e9s t\u00f6bboldal\u00fa csereprogramok \u00e9s egy\u00fcttm\u0171k\u00f6d\u00e9s el\u0151seg\u00edt\u00e9s\u00e9ben.<\/p>\n<p>A KEP program \u00e9s a 2024. \u00e9vi <strong>p\u00e1ly\u00e1zati felh\u00edv\u00e1s referenciadokument\u00e1ci\u00f3ja<\/strong> a CEI honlapj\u00e1n \u00e9rhet\u0151 el: <a href=\"https:\/\/application.cei.int\/application\/kep-2024\/\">https:\/\/application.cei.int\/application\/kep-2024\/<\/a><\/p>\n","protected":false},"excerpt":{"rendered":"A K\u00f6z\u00e9p-Eur\u00f3pai kezdem\u00e9nyez\u00e9s (CEI) Titk\u00e1rs\u00e1ga meghirdette a \u201eKnow-How Exchange\u201d (KEP) program keret\u00e9n bel\u00fcl t\u00e1rsfinansz\u00edrozand\u00f3 projektjavaslatok beny\u00fajt\u00e1s\u00e1nak felt\u00e9teleit, amelyet teljes eg\u00e9sz\u00e9ben Olaszorsz\u00e1g finansz\u00edroz a CEI-EBRD alapon kereszt\u00fcl. A KEP program c\u00e9lja a t\u00e1rsadalmi-gazdas\u00e1gi fejl\u0151d\u00e9s \u00e9s az uni\u00f3s \u00e9rt\u00e9kek \u00e9s norm\u00e1k terjeszt\u00e9se a CEI uni\u00f3s tagorsz\u00e1gai &#8211; k\u00f6zt\u00fck Magyarorsz\u00e1g \u2013 \u00e1llami \u00e9s mag\u00e1n jogi szem\u00e9lyei \u00e9s az [&hellip;]","protected":false},"author":4,"featured_media":2560,"comment_status":"closed","ping_status":"closed","sticky":false,"template":"","format":"standard","meta":{"footnotes":""},"tags":[],"class_list":["post-2551","post","type-post","status-publish","format-standard","has-post-thumbnail","hentry"],"_links":{"self":[{"href":"https:\/\/ambbudapest.esteri.it\/hu\/wp-json\/wp\/v2\/posts\/2551","targetHints":{"allow":["GET"]}}],"collection":[{"href":"https:\/\/ambbudapest.esteri.it\/hu\/wp-json\/wp\/v2\/posts"}],"about":[{"href":"https:\/\/ambbudapest.esteri.it\/hu\/wp-json\/wp\/v2\/types\/post"}],"author":[{"embeddable":true,"href":"https:\/\/ambbudapest.esteri.it\/hu\/wp-json\/wp\/v2\/users\/4"}],"replies":[{"embeddable":true,"href":"https:\/\/ambbudapest.esteri.it\/hu\/wp-json\/wp\/v2\/comments?post=2551"}],"version-history":[{"count":2,"href":"https:\/\/ambbudapest.esteri.it\/hu\/wp-json\/wp\/v2\/posts\/2551\/revisions"}],"predecessor-version":[{"id":2557,"href":"https:\/\/ambbudapest.esteri.it\/hu\/wp-json\/wp\/v2\/posts\/2551\/revisions\/2557"}],"wp:featuredmedia":[{"embeddable":true,"href":"https:\/\/ambbudapest.esteri.it\/hu\/wp-json\/wp\/v2\/media\/2560"}],"wp:attachment":[{"href":"https:\/\/ambbudapest.esteri.it\/hu\/wp-json\/wp\/v2\/media?parent=2551"}],"wp:term":[{"taxonomy":"post_tag","embeddable":true,"href":"https:\/\/ambbudapest.esteri.it\/hu\/wp-json\/wp\/v2\/tags?post=2551"}],"curies":[{"name":"wp","href":"https:\/\/api.w.org\/{rel}","templated":true}]}}