{"id":2355,"date":"2024-05-22T13:04:49","date_gmt":"2024-05-22T11:04:49","guid":{"rendered":"https:\/\/ambbudapest.esteri.it\/?p=2355"},"modified":"2024-05-22T13:08:10","modified_gmt":"2024-05-22T11:08:10","slug":"a-kulugyi-es-nemzetkozi-egyuttmukodesi-miniszterium-feljegyzese-a-szintetikus-kabitoszerek-koztuk-a-fentanyl-terjedese-elleni-kuzdelemrol","status":"publish","type":"post","link":"https:\/\/ambbudapest.esteri.it\/hu\/news\/dall_ambasciata\/2024\/05\/a-kulugyi-es-nemzetkozi-egyuttmukodesi-miniszterium-feljegyzese-a-szintetikus-kabitoszerek-koztuk-a-fentanyl-terjedese-elleni-kuzdelemrol\/","title":{"rendered":"A K\u00fcl\u00fcgyi \u00e9s Nemzetk\u00f6zi Egy\u00fcttm\u0171k\u00f6d\u00e9si Miniszt\u00e9rium feljegyz\u00e9se a szintetikus k\u00e1b\u00edt\u00f3szerek, k\u00f6zt\u00fck a fentanyl terjed\u00e9se elleni k\u00fczdelemr\u0151l"},"content":{"rendered":"<p><strong>A jelens\u00e9g vil\u00e1gszint\u0171 m\u00e9retei<\/strong><\/p>\n<p>A fentanyl egy er\u0151s szintetikus opioid, <strong>50-100-szor<\/strong> er\u0151sebb, mint a morfium \u00e9s <strong>30-50-szer<\/strong> er\u0151sebb, mint a heroin. Ez az illeg\u00e1lisan el\u0151\u00e1ll\u00edtott anyag t\u00f6bbf\u00e9le form\u00e1ban, t\u00f6bbek k\u00f6z\u00f6tt foly\u00e9kony \u00e9s por alakban is kaphat\u00f3 a piacon.<\/p>\n<p>Az elm\u00falt \u00e9vtizedben a fentanyl drasztikusan megv\u00e1ltoztatta az <strong>\u00e9szak-amerikai<\/strong> opioid-piacot, s\u00falyos t\u00e1rsadalmi k\u00f6vetkezm\u00e9nyeket okozva. Az amerikai Betegs\u00e9gmegel\u0151z\u00e9si \u00e9s J\u00e1rv\u00e1ny\u00fcgyi K\u00f6zpont (CDC) szerint a szintetikus opioidok okozta hal\u00e1lesetek sz\u00e1ma 2012-ig stabil maradt, 2013 \u00f3ta azonban dr\u00e1maian megn\u0151tt. Az elm\u00falt h\u00e1rom \u00e9vben a fentanyl okozta elhal\u00e1loz\u00e1s az Egyes\u00fclt \u00c1llamokban j\u00e1rv\u00e1nyszer\u0171 m\u00e9reteket \u00f6lt\u00f6tt (t\u00f6bb mint 100.000 hal\u00e1leset). Ugyancsak az Egyes\u00fclt \u00c1llamokb\u00f3l sz\u00e1rmaz\u00f3 adat, miszerint a fentanyl lefoglal\u00e1sa 2022-ben csaknem k\u00e9tszerese a 2021-es \u00e9rt\u00e9knek, <strong>t\u00f6bb mint 6 tonna<\/strong> por alakban \u00e9s 59,6 milli\u00f3 tabletta form\u00e1j\u00e1ban, ami <strong>t\u00f6bb mint 398 milli\u00f3 hal\u00e1los adagnak felel meg<\/strong>.<\/p>\n<p>Ezek a fentanyl-anal\u00f3gok, amelyek gyakran er\u0151sebbek, mint maga a fentanyl, <strong>Eur\u00f3p\u00e1ban is sz\u00e1mos m\u00e9rgez\u00e9st \u00e9s hal\u00e1lesetet okoztak<\/strong>. K\u00e9t ilyen illeg\u00e1lis sz\u00e1rmaz\u00e9k, a furanilFentanyl \u00e9s az ocFentanyl <strong>Olaszorsz\u00e1gban is hal\u00e1lesetekhez vezetettt<\/strong>. A K\u00e1b\u00edt\u00f3szer \u00e9s K\u00e1b\u00edt\u00f3szer-f\u00fcgg\u0151s\u00e9g Eur\u00f3pai Megfigyel\u0151k\u00f6zpontja 2012 \u00f3ta arr\u00f3l sz\u00e1molt be, hogy <strong>Eur\u00f3p\u00e1ban jelent\u0151sen megn\u0151tt<\/strong> ezeknek az anyagoknak a hozz\u00e1f\u00e9rhet\u0151s\u00e9ge, \u00e9s <strong>az EU tag\u00e1llamaiban 2021-ben 137 hal\u00e1lesetet hoztak \u00f6sszef\u00fcgg\u00e9sbe a fentanyllal<\/strong>.<\/p>\n<p><strong>Olaszorsz\u00e1g elk\u00f6telezetts\u00e9ge \u00a0<\/strong><\/p>\n<p>Olaszorsz\u00e1g ez\u00e9rt szorosan figyelemmel k\u00eds\u00e9ri a szintetikus k\u00e1b\u00edt\u00f3szer vesz\u00e9ly\u00e9nek alakul\u00e1s\u00e1t, \u00e9s teljes m\u00e9rt\u00e9kben elk\u00f6telezett a szintetikus k\u00e1b\u00edt\u00f3szer el\u0151\u00e1ll\u00edt\u00e1sa, kereskedelme &#8211; bele\u00e9rtve az online kereskedelmet is &#8211; \u00e9s kereslete elleni k\u00fczdelem mellett mind saj\u00e1t ter\u00fclet\u00e9n, mind a nemzetk\u00f6zileg egyeztetett kezdem\u00e9nyez\u00e9sek keret\u00e9ben. B\u00e1r haz\u00e1nkban jelenleg nincs szintetikus drogvesz\u00e9lyhelyzet, az olasz korm\u00e1ny priorit\u00e1sk\u00e9nt hat\u00e1rozta meg a fentanyl elleni k\u00fczdelmet, illetve a fentanyl \u00e9s a szintetikus opioidok vissza\u00e9l\u00e9sszer\u0171 haszn\u00e1lat\u00e1b\u00f3l ered\u0151 vesz\u00e9ly megel\u0151z\u00e9se \u00e9rdek\u00e9ben strat\u00e9gi\u00e1t fogadott el, amelyet hivatalosan 2024. m\u00e1rcius 12-\u00e9n mutattak be. A strat\u00e9gia v\u00e9grehajt\u00e1s\u00e1ban t\u00f6bb k\u00f6zigazgat\u00e1si szerv is r\u00e9szt vesz, k\u00f6zt\u00fck a K\u00fcl\u00fcgyi \u00e9s Nemzetk\u00f6zi Egy\u00fcttm\u0171k\u00f6d\u00e9si Miniszt\u00e9rium, amely elk\u00f6telezett amellett, hogy a szintetikus k\u00e1b\u00edt\u00f3szerek t\u00e9m\u00e1j\u00e1t a terrorizmus \u00e9s a transznacion\u00e1lis szervezett b\u0171n\u00f6z\u00e9s elleni k\u00fczdelemmel foglalkoz\u00f3 G7 k\u00fcl\u00fcgyminiszteri megbesz\u00e9l\u00e9snek, illetve a G7 R\u00f3ma-Lyon csoportj\u00e1nak napirendj\u00e9re t\u0171zz\u00e9k, valamint hogy el\u0151mozd\u00edtsa a n\u00f6vekv\u0151 nemzetk\u00f6zi egy\u00fcttm\u0171k\u00f6d\u00e9st a megfelel\u0151 nemzetk\u00f6zi f\u00f3rumokon, p\u00e9ld\u00e1ul a Glob\u00e1lis koal\u00edci\u00f3 a szintetikus k\u00e1b\u00edt\u00f3szerekkel kapcsolatos fenyeget\u00e9sek kezel\u00e9s\u00e9re elnevez\u00e9s\u0171 programban, az ENSZ-ben \u00e9s a K\u00e1b\u00edt\u00f3szer\u00fcgyi Bizotts\u00e1gban.<\/p>\n<p><strong>Nemzetk\u00f6zi szinten<\/strong><\/p>\n<p>A szintetikus k\u00e1b\u00edt\u00f3szerek elterjed\u00e9s\u00e9vel kapcsolatos fenyeget\u00e9s k\u00e9rd\u00e9s\u00e9vel az <strong>olasz G7-eln\u00f6ks\u00e9g<\/strong> keret\u00e9ben foglalkoztak az \u00e1prilis 16-19-\u00e9n Caprin tartott miniszteri tal\u00e1lkoz\u00f3n a k\u00fcl\u00fcgy tekintet\u00e9ben, a bel\u00fcgy tekintet\u00e9ben is \u00e9s a R\u00f3ma-Lyon csoport 2024. \u00e1prilis 17-19-\u00e9n R\u00f3m\u00e1ban tartott \u00fcl\u00e9s\u00e9n is.<\/p>\n<p>Olaszorsz\u00e1g a tov\u00e1bbiakban is akt\u00edv szerepet fog j\u00e1tszani a t\u00e9m\u00e1val foglalkoz\u00f3 t\u00f6bboldal\u00fa f\u00f3rumokon, k\u00fcl\u00f6n\u00f6s tekintettel a Glob\u00e1lis koal\u00edci\u00f3 a szintetikus k\u00e1b\u00edt\u00f3szerekkel kapcsolatos fenyeget\u00e9sek kezel\u00e9s\u00e9re elnevez\u00e9s\u0171 programra, az ENSZ-re \u00e9s a K\u00e1b\u00edt\u00f3szer\u00fcgyi Bizotts\u00e1gra, amelynek Olaszorsz\u00e1g is tagja. Ezenk\u00edv\u00fcl 2022 december\u00e9t\u0151l <strong>Olaszorsz\u00e1g t\u00f6lti be\u00a0<\/strong>az Eur\u00f3pa Tan\u00e1cs K\u00e1b\u00edt\u00f3szerrel \u00e9s F\u00fcgg\u0151s\u00e9gekkel Foglalkoz\u00f3 Egy\u00fcttm\u0171k\u00f6d\u00e9si Csoportja &#8211; az \u00fagynevezett Pompidou Csoport<strong>\u00a0<\/strong> <strong>eln\u00f6ki tiszt\u00e9t<\/strong>.<\/p>\n<p><strong>Nemzeti szinten<\/strong><\/p>\n<p>Az eddig alkalmazott megel\u0151z\u00e9si tev\u00e9kenys\u00e9gek c\u00e9lja a fentanyl \u00e9s anal\u00f3gjainak Olaszorsz\u00e1gba val\u00f3 bejut\u00e1s\u00e1nak, valamint az orsz\u00e1g eg\u00e9sz ter\u00fclet\u00e9n val\u00f3 elterjed\u00e9s\u00e9nek megakad\u00e1lyoz\u00e1sa, mind az illeg\u00e1lis anyagok olaszorsz\u00e1gi elterjed\u00e9s\u00e9nek megel\u0151z\u00e9s\u00e9ben \u00e9s lek\u00fczd\u00e9s\u00e9ben nap mint nap tev\u00e9kenyveked\u0151 szerepl\u0151k, mind pedig egy esetleges v\u00e9szhelyzet eset\u00e9n \u00e9rintettek bevon\u00e1s\u00e1val m\u0171k\u00f6d\u0151 <strong>K\u00e1b\u00edt\u00f3szer-ellenes politik\u00e1\u00e9rt felel\u0151s oszt\u00e1ly<\/strong> \u00e1ltal koordin\u00e1lt munk\u00e1val.<\/p>\n","protected":false},"excerpt":{"rendered":"A jelens\u00e9g vil\u00e1gszint\u0171 m\u00e9retei A fentanyl egy er\u0151s szintetikus opioid, 50-100-szor er\u0151sebb, mint a morfium \u00e9s 30-50-szer er\u0151sebb, mint a heroin. Ez az illeg\u00e1lisan el\u0151\u00e1ll\u00edtott anyag t\u00f6bbf\u00e9le form\u00e1ban, t\u00f6bbek k\u00f6z\u00f6tt foly\u00e9kony \u00e9s por alakban is kaphat\u00f3 a piacon. Az elm\u00falt \u00e9vtizedben a fentanyl drasztikusan megv\u00e1ltoztatta az \u00e9szak-amerikai opioid-piacot, s\u00falyos t\u00e1rsadalmi k\u00f6vetkezm\u00e9nyeket okozva. Az amerikai Betegs\u00e9gmegel\u0151z\u00e9si [&hellip;]","protected":false},"author":4,"featured_media":2351,"comment_status":"closed","ping_status":"closed","sticky":false,"template":"","format":"standard","meta":{"footnotes":""},"tags":[9],"class_list":["post-2355","post","type-post","status-publish","format-standard","has-post-thumbnail","hentry","tag-diplomazia-scientifica"],"_links":{"self":[{"href":"https:\/\/ambbudapest.esteri.it\/hu\/wp-json\/wp\/v2\/posts\/2355","targetHints":{"allow":["GET"]}}],"collection":[{"href":"https:\/\/ambbudapest.esteri.it\/hu\/wp-json\/wp\/v2\/posts"}],"about":[{"href":"https:\/\/ambbudapest.esteri.it\/hu\/wp-json\/wp\/v2\/types\/post"}],"author":[{"embeddable":true,"href":"https:\/\/ambbudapest.esteri.it\/hu\/wp-json\/wp\/v2\/users\/4"}],"replies":[{"embeddable":true,"href":"https:\/\/ambbudapest.esteri.it\/hu\/wp-json\/wp\/v2\/comments?post=2355"}],"version-history":[{"count":1,"href":"https:\/\/ambbudapest.esteri.it\/hu\/wp-json\/wp\/v2\/posts\/2355\/revisions"}],"predecessor-version":[{"id":2356,"href":"https:\/\/ambbudapest.esteri.it\/hu\/wp-json\/wp\/v2\/posts\/2355\/revisions\/2356"}],"wp:featuredmedia":[{"embeddable":true,"href":"https:\/\/ambbudapest.esteri.it\/hu\/wp-json\/wp\/v2\/media\/2351"}],"wp:attachment":[{"href":"https:\/\/ambbudapest.esteri.it\/hu\/wp-json\/wp\/v2\/media?parent=2355"}],"wp:term":[{"taxonomy":"post_tag","embeddable":true,"href":"https:\/\/ambbudapest.esteri.it\/hu\/wp-json\/wp\/v2\/tags?post=2355"}],"curies":[{"name":"wp","href":"https:\/\/api.w.org\/{rel}","templated":true}]}}