{"id":2323,"date":"2024-05-15T09:39:02","date_gmt":"2024-05-15T07:39:02","guid":{"rendered":"https:\/\/ambbudapest.esteri.it\/?p=2323"},"modified":"2024-05-16T13:18:55","modified_gmt":"2024-05-16T11:18:55","slug":"borse-di-studio-offerte-dal-governo-italiano-a-studenti-stranieri-e-italiani-residenti-allestero-ire-per-lanno-accademico-2024-2025","status":"publish","type":"post","link":"https:\/\/ambbudapest.esteri.it\/hu\/news\/dall_ambasciata\/2024\/05\/borse-di-studio-offerte-dal-governo-italiano-a-studenti-stranieri-e-italiani-residenti-allestero-ire-per-lanno-accademico-2024-2025\/","title":{"rendered":"AZ OLASZ KORM\u00c1NY \u00c1LTAL 2024-2025-\u00d6S AKAD\u00c9MIAI \u00c9VRE K\u00dcLF\u00d6LDI \u00c1LLAMPOLG\u00c1ROK \u00c9S K\u00dcLF\u00d6LD\u00d6N \u00c9L\u0150 OLASZ \u00c1LLAMPOLG\u00c1ROK R\u00c9SZ\u00c9RE MEGHIRDETETT TANULM\u00c1NYI \u00d6SZT\u00d6ND\u00cdJAK"},"content":{"rendered":"<p>Megjelent a 2024\/2025-\u00f6s akad\u00e9miai \u00e9vre vonatkoz\u00f3 MAECI-\u00f6szt\u00f6nd\u00edjp\u00e1ly\u00e1zat, a <strong>bead\u00e1si hat\u00e1rid\u0151 2024. j\u00fanius 14.<\/strong> Minden inform\u00e1ci\u00f3 az al\u00e1bbi linkeken tal\u00e1lhat\u00f3:<\/p>\n<p><strong>OLASZ NYELV\u0170 KI\u00cdR\u00c1S<\/strong><\/p>\n<p><a href=\"https:\/\/studyinitaly.esteri.it\/ListaBandi\/ScaricaFileBando?ID=DAAAAN39jB8VZkewEG2LwRAAAABMX3Z4qs%2fJrL5sXRfA75Y8pwavPl4qzdJ2E5rjTaO8vs5LD4l8V%2fJ%2f3K28h3pJhkPTFIjT\">BANDO PER L\u2019ASSEGNAZIONE DI BORSE DI STUDIO OFFERTE DAL GOVERNO ITALIANO A STUDENTI STRANIERI E ITALIANI RESIDENTI ALL\u2019ESTERO (IRE) PER L\u2019ANNO ACCADEMICO 2024-2025<\/a><\/p>\n<p><strong>ANGOL<\/strong> <strong>NYELV\u0170 <\/strong><strong>KI\u00cdR\u00c1S<\/strong><\/p>\n<p><a href=\"https:\/\/studyinitaly.esteri.it\/ListaBandi\/ScaricaFileBando?ID=DAAAAHhMpbfKTcmoRLbyXxAAAACdb4Z2TJMmKshPM2r9zx7syeU3Aq57oFe4LGjaE2kG5709yZ3aA%2fBIJDRYMEYgxLUI5oaX\">GRANTS FOR FOREIGN STUDENTS AND ITALIAN CITIZENS LIVING ABROAD AWARDED BY THE ITALIAN GOVERNMENT. CALL FOR APPLICATIONS FOR THE ACADEMIC YEAR 2024-25<\/a>.<\/p>\n<p><a href=\"https:\/\/studyinitaly.esteri.it\/ListaBandi\/ScaricaFileBando?ID=DAAAAGVd4II8zW2sEo4ULRAAAAD0qU7r%2b8Fgah%2f1vZy3d%2fQHunJUfOtk3ab0ySm8xRixjZtTrXK5pFOxI43GwAukenxlInWY\">DICHIARAZIONE SOSTITUTIVA &#8211; SELF-DECLARATION AFFIDAVIT<\/a><\/p>\n<p><a href=\"https:\/\/studyinitaly.esteri.it\/ListaBandi\/ScaricaFileBando?ID=DAAAAPCC6efNLtX2%2b9s9chAAAAC0fjfoYAodJEWWlpeyNQ4YUJhCJELYbq1w0e3dzBt9z0aIf0BGstufAV4%2b%2bF8tPktOT8HX\">List of eligible foreign countries <\/a><\/p>\n","protected":false},"excerpt":{"rendered":"Megjelent a 2024\/2025-\u00f6s akad\u00e9miai \u00e9vre vonatkoz\u00f3 MAECI-\u00f6szt\u00f6nd\u00edjp\u00e1ly\u00e1zat, a bead\u00e1si hat\u00e1rid\u0151 2024. j\u00fanius 14. Minden inform\u00e1ci\u00f3 az al\u00e1bbi linkeken tal\u00e1lhat\u00f3: OLASZ NYELV\u0170 KI\u00cdR\u00c1S BANDO PER L\u2019ASSEGNAZIONE DI BORSE DI STUDIO OFFERTE DAL GOVERNO ITALIANO A STUDENTI STRANIERI E ITALIANI RESIDENTI ALL\u2019ESTERO (IRE) PER L\u2019ANNO ACCADEMICO 2024-2025 ANGOL NYELV\u0170 KI\u00cdR\u00c1S GRANTS FOR FOREIGN STUDENTS AND ITALIAN CITIZENS [&hellip;]","protected":false},"author":4,"featured_media":2330,"comment_status":"closed","ping_status":"closed","sticky":false,"template":"","format":"standard","meta":{"footnotes":""},"tags":[7],"class_list":["post-2323","post","type-post","status-publish","format-standard","has-post-thumbnail","hentry","tag-diplomazia-culturale"],"_links":{"self":[{"href":"https:\/\/ambbudapest.esteri.it\/hu\/wp-json\/wp\/v2\/posts\/2323","targetHints":{"allow":["GET"]}}],"collection":[{"href":"https:\/\/ambbudapest.esteri.it\/hu\/wp-json\/wp\/v2\/posts"}],"about":[{"href":"https:\/\/ambbudapest.esteri.it\/hu\/wp-json\/wp\/v2\/types\/post"}],"author":[{"embeddable":true,"href":"https:\/\/ambbudapest.esteri.it\/hu\/wp-json\/wp\/v2\/users\/4"}],"replies":[{"embeddable":true,"href":"https:\/\/ambbudapest.esteri.it\/hu\/wp-json\/wp\/v2\/comments?post=2323"}],"version-history":[{"count":4,"href":"https:\/\/ambbudapest.esteri.it\/hu\/wp-json\/wp\/v2\/posts\/2323\/revisions"}],"predecessor-version":[{"id":2334,"href":"https:\/\/ambbudapest.esteri.it\/hu\/wp-json\/wp\/v2\/posts\/2323\/revisions\/2334"}],"wp:featuredmedia":[{"embeddable":true,"href":"https:\/\/ambbudapest.esteri.it\/hu\/wp-json\/wp\/v2\/media\/2330"}],"wp:attachment":[{"href":"https:\/\/ambbudapest.esteri.it\/hu\/wp-json\/wp\/v2\/media?parent=2323"}],"wp:term":[{"taxonomy":"post_tag","embeddable":true,"href":"https:\/\/ambbudapest.esteri.it\/hu\/wp-json\/wp\/v2\/tags?post=2323"}],"curies":[{"name":"wp","href":"https:\/\/api.w.org\/{rel}","templated":true}]}}