{"id":2219,"date":"2024-04-04T14:31:22","date_gmt":"2024-04-04T12:31:22","guid":{"rendered":"https:\/\/ambbudapest.esteri.it\/?p=2219"},"modified":"2024-04-04T14:57:52","modified_gmt":"2024-04-04T12:57:52","slug":"kedvezmenyes-vasuti-utazas-az-a-i-r-e-ben-kulfoldon-elo-olasz-allampolgarok-jegyzeke-regisztralt-olasz-allampolgarok-szamara","status":"publish","type":"post","link":"https:\/\/ambbudapest.esteri.it\/hu\/news\/dall_ambasciata\/2024\/04\/kedvezmenyes-vasuti-utazas-az-a-i-r-e-ben-kulfoldon-elo-olasz-allampolgarok-jegyzeke-regisztralt-olasz-allampolgarok-szamara\/","title":{"rendered":"Kedvezm\u00e9nyes vas\u00fati utaz\u00e1s az A.I.R.E.-ben (K\u00fclf\u00f6ld\u00f6n \u00e9l\u0151 olasz \u00e1llampolg\u00e1rok jegyz\u00e9ke) regisztr\u00e1lt olasz \u00e1llampolg\u00e1rok sz\u00e1m\u00e1ra"},"content":{"rendered":"<p>T\u00e1j\u00e9koztatjuk \u00d6n\u00f6ket, hogy a Trenitalia a K\u00fcl\u00fcgyi \u00e9s a Nemzetk\u00f6zi Egy\u00fcttm\u0171k\u00f6d\u00e9si Miniszt\u00e9riummal egyet\u00e9rt\u00e9sben a k\u00f6vetkez\u0151 utaz\u00e1si kedvezm\u00e9nyeket ny\u00fajtja az Olaszorsz\u00e1gban utaz\u00f3, k\u00fclf\u00f6ld\u00f6n \u00e9l\u0151 \u00e9s az AIRE-ben regisztr\u00e1lt olaszok \u00e1llampolg\u00e1rok sz\u00e1m\u00e1ra:<\/p>\n<ul>\n<li>a Frecciarossa, Frecciargento \u00e9s Frecciabianca j\u00e1ratokon t\u00f6rt\u00e9n\u0151 utaz\u00e1s eset\u00e9n <strong>ak\u00e1r 80%-os kedvezm\u00e9ny<\/strong> a &#8222;Speciale Eventi&#8221; aj\u00e1nlat keret\u00e9ben.<\/li>\n<li><strong>40%-os kedvezm\u00e9ny<\/strong> a Frecciarossa, Frecciargento \u00e9s Frecciabianca jegyek megv\u00e1s\u00e1rl\u00e1s\u00e1ra a legal\u00e1bb 10 f\u0151b\u0151l \u00e1ll\u00f3, egy\u00fctt utaz\u00f3 utasokb\u00f3l \u00e1ll\u00f3 csoportok sz\u00e1m\u00e1ra.<\/li>\n<li>lehet\u0151s\u00e9get a <strong>Trenitalia Pass<\/strong> megv\u00e1s\u00e1rl\u00e1s\u00e1ra Olaszorsz\u00e1g bebarangol\u00e1s\u00e1hoz<\/li>\n<\/ul>\n<p>A kedvezm\u00e9nyek <strong>2024. december 31-ig<\/strong> \u00e9rv\u00e9nyesek.<\/p>\n<p>Tov\u00e1bbi inform\u00e1ci\u00f3\u00e9rt k\u00e9rj\u00fck, kattintson az al\u00e1bbi linkekre:<\/p>\n<ul>\n<li><a href=\"https:\/\/ambbudapest.esteri.it\/wp-content\/uploads\/2024\/04\/AIRE-Landing-page-in-inglese.pdf\">landing page (angol nyelv\u0171)<\/a><\/li>\n<li><a class=\"\" href=\"https:\/\/www.trenitalia.com\/it\/offerte_e_servizi\/offerte-per-gli-iscritti-aire.html\" data-focus-mouse=\"false\">A Trenitalia kedvezm\u00e9nyre vonatkoz\u00f3 honlapja (olasz nyelv\u0171)<\/a><\/li>\n<\/ul>\n<p>&nbsp;<\/p>\n","protected":false},"excerpt":{"rendered":"T\u00e1j\u00e9koztatjuk \u00d6n\u00f6ket, hogy a Trenitalia a K\u00fcl\u00fcgyi \u00e9s a Nemzetk\u00f6zi Egy\u00fcttm\u0171k\u00f6d\u00e9si Miniszt\u00e9riummal egyet\u00e9rt\u00e9sben a k\u00f6vetkez\u0151 utaz\u00e1si kedvezm\u00e9nyeket ny\u00fajtja az Olaszorsz\u00e1gban utaz\u00f3, k\u00fclf\u00f6ld\u00f6n \u00e9l\u0151 \u00e9s az AIRE-ben regisztr\u00e1lt olaszok \u00e1llampolg\u00e1rok sz\u00e1m\u00e1ra: a Frecciarossa, Frecciargento \u00e9s Frecciabianca j\u00e1ratokon t\u00f6rt\u00e9n\u0151 utaz\u00e1s eset\u00e9n ak\u00e1r 80%-os kedvezm\u00e9ny a &#8222;Speciale Eventi&#8221; aj\u00e1nlat keret\u00e9ben. 40%-os kedvezm\u00e9ny a Frecciarossa, Frecciargento \u00e9s Frecciabianca jegyek [&hellip;]","protected":false},"author":4,"featured_media":2210,"comment_status":"closed","ping_status":"closed","sticky":false,"template":"","format":"standard","meta":{"footnotes":""},"tags":[],"class_list":["post-2219","post","type-post","status-publish","format-standard","has-post-thumbnail","hentry"],"_links":{"self":[{"href":"https:\/\/ambbudapest.esteri.it\/hu\/wp-json\/wp\/v2\/posts\/2219","targetHints":{"allow":["GET"]}}],"collection":[{"href":"https:\/\/ambbudapest.esteri.it\/hu\/wp-json\/wp\/v2\/posts"}],"about":[{"href":"https:\/\/ambbudapest.esteri.it\/hu\/wp-json\/wp\/v2\/types\/post"}],"author":[{"embeddable":true,"href":"https:\/\/ambbudapest.esteri.it\/hu\/wp-json\/wp\/v2\/users\/4"}],"replies":[{"embeddable":true,"href":"https:\/\/ambbudapest.esteri.it\/hu\/wp-json\/wp\/v2\/comments?post=2219"}],"version-history":[{"count":2,"href":"https:\/\/ambbudapest.esteri.it\/hu\/wp-json\/wp\/v2\/posts\/2219\/revisions"}],"predecessor-version":[{"id":2228,"href":"https:\/\/ambbudapest.esteri.it\/hu\/wp-json\/wp\/v2\/posts\/2219\/revisions\/2228"}],"wp:featuredmedia":[{"embeddable":true,"href":"https:\/\/ambbudapest.esteri.it\/hu\/wp-json\/wp\/v2\/media\/2210"}],"wp:attachment":[{"href":"https:\/\/ambbudapest.esteri.it\/hu\/wp-json\/wp\/v2\/media?parent=2219"}],"wp:term":[{"taxonomy":"post_tag","embeddable":true,"href":"https:\/\/ambbudapest.esteri.it\/hu\/wp-json\/wp\/v2\/tags?post=2219"}],"curies":[{"name":"wp","href":"https:\/\/api.w.org\/{rel}","templated":true}]}}