{"id":2159,"date":"2024-03-11T13:57:23","date_gmt":"2024-03-11T12:57:23","guid":{"rendered":"https:\/\/ambbudapest.esteri.it\/?p=2159"},"modified":"2024-03-11T14:00:33","modified_gmt":"2024-03-11T13:00:33","slug":"palyazati-felhivas-olasz-nyelven-megjeleno-konyvek-forditasanak-tamogatasahoz-2024","status":"publish","type":"post","link":"https:\/\/ambbudapest.esteri.it\/hu\/news\/dall_ambasciata\/2024\/03\/palyazati-felhivas-olasz-nyelven-megjeleno-konyvek-forditasanak-tamogatasahoz-2024\/","title":{"rendered":"P\u00e1ly\u00e1zati felh\u00edv\u00e1s olasz nyelven megjelen\u0151 k\u00f6nyvek ford\u00edt\u00e1s\u00e1nak t\u00e1mogat\u00e1s\u00e1hoz \u2013 2024"},"content":{"rendered":"<p>Az olasz K\u00fcl\u00fcgyi \u00e9s Nemzetk\u00f6zi Egy\u00fcttm\u0171k\u00f6d\u00e9si Miniszt\u00e9rium k\u00f6zz\u00e9tette az<strong>\u00a0olasz nyelv\u0171 sz\u00e9pirodalmi \u00e9s tudom\u00e1nyos munk\u00e1k idegen nyelvre t\u00f6rt\u00e9n\u0151 ford\u00edt\u00e1s\u00e1nak, illetve olasz r\u00f6vid- \u00e9s nagyj\u00e1t\u00e9kfilmek, sorozatok szinkroniz\u00e1l\u00e1s\u00e1nak, feliratoz\u00e1s\u00e1nak<\/strong>\u00a0t\u00e1mogat\u00e1s\u00e1ra vonatkoz\u00f3 p\u00e1ly\u00e1zati felh\u00edv\u00e1s\u00e1t.<\/p>\n<p>A p\u00e1ly\u00e1zat bead\u00e1s\u00e1nak hat\u00e1rideje:\u00a0<strong>2024. \u00e1prilis 24.<\/strong><\/p>\n<p>Az olasz nyelv\u0171 p\u00e1ly\u00e1zati ki\u00edr\u00e1s\u00a0<strong><a href=\"https:\/\/iicbudapest.esteri.it\/wp-content\/uploads\/2023\/04\/2024-Bando-Premi-e-Contributi-Traduzione-ITA.pdf\" target=\"_blank\" rel=\"noopener\">let\u00f6lt\u00e9se<\/a><\/strong><\/p>\n<p>Az angol nyelv\u0171 p\u00e1ly\u00e1zati ki\u00edr\u00e1s\u00a0<a href=\"https:\/\/iicbudapest.esteri.it\/wp-content\/uploads\/2023\/04\/2024-Bando-Premi-e-Contributi-Traduzione-ENG.pdf\"><strong>let\u0151lt\u00e9se<\/strong><\/a><\/p>\n<p>A p\u00e1ly\u00e1zati ki\u00edr\u00e1s\u00a0<strong><a href=\"https:\/\/iicbudapest.esteri.it\/wp-content\/uploads\/2023\/04\/Palyazat-magyar-kiadok-szamara-olasz-tamogatas-keresehez-2024.pdf\" target=\"_blank\" rel=\"noopener\">magyar nyelv\u0171 \u00f6sszefoglal\u00f3ja<\/a><\/strong><\/p>\n<p>A beny\u00fajtand\u00f3\u00a0<strong><a href=\"https:\/\/iicbudapest.esteri.it\/wp-content\/uploads\/2023\/04\/2024_Forditastamogatas_urlap_ITA_ENG.docx\" target=\"_blank\" rel=\"noopener\">p\u00e1ly\u00e1zati \u0171rlap olasz \u00e9s angol nyelven<\/a><\/strong><\/p>\n<p>Tov\u00e1bbi inform\u00e1ci\u00f3:\u00a0<a href=\"mailto:borsestudio.iicbudapest@esteri.it\"><strong>borsestudio.iicbudapest@esteri.it<\/strong><\/a><strong>\u00a0<\/strong><\/p>\n","protected":false},"excerpt":{"rendered":"Az olasz K\u00fcl\u00fcgyi \u00e9s Nemzetk\u00f6zi Egy\u00fcttm\u0171k\u00f6d\u00e9si Miniszt\u00e9rium k\u00f6zz\u00e9tette az\u00a0olasz nyelv\u0171 sz\u00e9pirodalmi \u00e9s tudom\u00e1nyos munk\u00e1k idegen nyelvre t\u00f6rt\u00e9n\u0151 ford\u00edt\u00e1s\u00e1nak, illetve olasz r\u00f6vid- \u00e9s nagyj\u00e1t\u00e9kfilmek, sorozatok szinkroniz\u00e1l\u00e1s\u00e1nak, feliratoz\u00e1s\u00e1nak\u00a0t\u00e1mogat\u00e1s\u00e1ra vonatkoz\u00f3 p\u00e1ly\u00e1zati felh\u00edv\u00e1s\u00e1t. A p\u00e1ly\u00e1zat bead\u00e1s\u00e1nak hat\u00e1rideje:\u00a02024. \u00e1prilis 24. Az olasz nyelv\u0171 p\u00e1ly\u00e1zati ki\u00edr\u00e1s\u00a0let\u00f6lt\u00e9se Az angol nyelv\u0171 p\u00e1ly\u00e1zati ki\u00edr\u00e1s\u00a0let\u0151lt\u00e9se A p\u00e1ly\u00e1zati ki\u00edr\u00e1s\u00a0magyar nyelv\u0171 \u00f6sszefoglal\u00f3ja A beny\u00fajtand\u00f3\u00a0p\u00e1ly\u00e1zati \u0171rlap olasz \u00e9s [&hellip;]","protected":false},"author":4,"featured_media":2156,"comment_status":"closed","ping_status":"closed","sticky":false,"template":"","format":"standard","meta":{"footnotes":""},"tags":[],"class_list":["post-2159","post","type-post","status-publish","format-standard","has-post-thumbnail","hentry"],"_links":{"self":[{"href":"https:\/\/ambbudapest.esteri.it\/hu\/wp-json\/wp\/v2\/posts\/2159","targetHints":{"allow":["GET"]}}],"collection":[{"href":"https:\/\/ambbudapest.esteri.it\/hu\/wp-json\/wp\/v2\/posts"}],"about":[{"href":"https:\/\/ambbudapest.esteri.it\/hu\/wp-json\/wp\/v2\/types\/post"}],"author":[{"embeddable":true,"href":"https:\/\/ambbudapest.esteri.it\/hu\/wp-json\/wp\/v2\/users\/4"}],"replies":[{"embeddable":true,"href":"https:\/\/ambbudapest.esteri.it\/hu\/wp-json\/wp\/v2\/comments?post=2159"}],"version-history":[{"count":1,"href":"https:\/\/ambbudapest.esteri.it\/hu\/wp-json\/wp\/v2\/posts\/2159\/revisions"}],"predecessor-version":[{"id":2160,"href":"https:\/\/ambbudapest.esteri.it\/hu\/wp-json\/wp\/v2\/posts\/2159\/revisions\/2160"}],"wp:featuredmedia":[{"embeddable":true,"href":"https:\/\/ambbudapest.esteri.it\/hu\/wp-json\/wp\/v2\/media\/2156"}],"wp:attachment":[{"href":"https:\/\/ambbudapest.esteri.it\/hu\/wp-json\/wp\/v2\/media?parent=2159"}],"wp:term":[{"taxonomy":"post_tag","embeddable":true,"href":"https:\/\/ambbudapest.esteri.it\/hu\/wp-json\/wp\/v2\/tags?post=2159"}],"curies":[{"name":"wp","href":"https:\/\/api.w.org\/{rel}","templated":true}]}}