{"id":2031,"date":"2023-12-01T05:00:39","date_gmt":"2023-12-01T04:00:39","guid":{"rendered":"https:\/\/ambbudapest.esteri.it\/?p=2031"},"modified":"2023-12-01T09:18:02","modified_gmt":"2023-12-01T08:18:02","slug":"a-tudomanyos-kutatas-es-a-technologiai-innovacio-teruleten-meghirdetett-palyazatok","status":"publish","type":"post","link":"https:\/\/ambbudapest.esteri.it\/hu\/news\/dall_ambasciata\/2023\/12\/a-tudomanyos-kutatas-es-a-technologiai-innovacio-teruleten-meghirdetett-palyazatok\/","title":{"rendered":"A tudom\u00e1nyos kutat\u00e1s \u00e9s a technol\u00f3giai innov\u00e1ci\u00f3 ter\u00fclet\u00e9n meghirdetett p\u00e1ly\u00e1zatok"},"content":{"rendered":"<p>A K\u00fcl\u00fcgy- \u00e9s Nemzetk\u00f6zi Egy\u00fcttm\u0171k\u00f6d\u00e9si Miniszt\u00e9rium (MAECI) a diplom\u00e1ciai-konzuli h\u00e1l\u00f3zaton kereszt\u00fcl az al\u00e1bbi p\u00e1ly\u00e1zatokat hirdeti meg a k\u00f6vetkez\u0151 d\u00edjak jel\u00f6l\u00e9s\u00e9re:<\/p>\n<p>&#8221; Italian Bilateral Scientific Cooperation Award&#8221;; &#8222;L&#8217;innovazione che parla italiano&#8221;; &#8222;Science, She Says!&#8221;. Magyarorsz\u00e1g tekintet\u00e9ben a p\u00e1ly\u00e1zati felh\u00edv\u00e1sok, angol \u00e9s olasz nyelven el\u00e9rhet\u0151 hirdetm\u00e9nyek, 2023. december 1-j\u00e9n jelennek meg a budapesti Olasz Nagyk\u00f6vets\u00e9g honlapj\u00e1n <a href=\"https:\/\/ambbudapest.esteri.it\/\">https:\/\/ambbudapest.esteri.it\/<\/a> a &#8222;H\u00edrek&#8221; rovatban. A p\u00e1ly\u00e1zati javaslatoknak 2024. janu\u00e1r 10-ig kell be\u00e9rkezni\u00fck a <a href=\"mailto:budapest.commerciale@esteri.it\">budapest.commerciale@esteri.it<\/a> e-mail c\u00edmre.<\/p>\n<p><strong>1) &#8222;Farnesina-d\u00edj &#8211; Italian bilateral scientific cooperation award\u201d d\u00edj&#8221; (<a href=\"https:\/\/ambbudapest.esteri.it\/wp-content\/uploads\/2023\/11\/Italian-bilateral-scientific-cooperation-award.pdf\">angol nyelv\u0171 felh\u00edv\u00e1s<\/a>)<\/strong><\/p>\n<p>Az imm\u00e1r hatodik alkalommal kiosztott d\u00edjat, melyet minden m\u00e1sodik \u00e9ben \u00edt\u00e9lnek oda, a Magyarorsz\u00e1gon dolgoz\u00f3, \u00e9s kiemelked\u0151 teljes\u00edtm\u00e9nyt ny\u00fajt\u00f3 vezet\u0151 \u00e9s fiatal olasz kutat\u00f3knak aj\u00e1nlj\u00e1k fel. Az idei kiad\u00e1sra a felh\u00edv\u00e1s a 35 \u00e9v alatti kutat\u00f3kat \u00e9rinti. A p\u00e1ly\u00e1zatokat az Egyetemi \u00e9s Kutat\u00e1si Miniszt\u00e9rium (MUR) \u00e9s a K\u00fcl\u00fcgy-\u00e9s Nemzetk\u00f6zi Egy\u00fcttm\u0171k\u00f6d\u00e9si Miniszt\u00e9rium (MAECI), a f\u0151bb kutat\u00f3k\u00f6zpontok eln\u00f6kei \u00e9s az Olasz Egyetemi Rektorok Konferenci\u00e1ja (CRUI) \u00e1ltal l\u00e9trehozott tudom\u00e1nyos bizotts\u00e1g b\u00edr\u00e1lja el.<\/p>\n<p>&nbsp;<\/p>\n<p><strong>2) &#8222;L&#8217;innovazione che parla italiano&#8221; d\u00edj (<a href=\"https:\/\/ambbudapest.esteri.it\/wp-content\/uploads\/2023\/11\/Linnovazione-che-parla-italiano.pdf\">olasz nyelv\u0171 felh\u00edv\u00e1s<\/a>)<\/strong><\/p>\n<p>Az imm\u00e1r hatodik alkalommal kiosztott d\u00edj a Magyarorsz\u00e1gon m\u0171k\u00f6d\u0151, olasz \u00e1llampolg\u00e1rok \u00e1ltal alap\u00edtott technol\u00f3giai start-up v\u00e1llalkoz\u00e1sok kimagasl\u00f3 innov\u00e1ci\u00f3s \u00e9rt\u00e9k\u00e9nek elismer\u00e9se. A jel\u00f6l\u00e9seket a PNI Cube, az olasz egyetemi inkub\u00e1torokat \u00e9s &#8222;\u00fczleti tervversenyeket&#8221; t\u00f6m\u00f6r\u00edt\u0151 egyes\u00fclet \u00e1ltal koordin\u00e1lt szakmai bizotts\u00e1g vizsg\u00e1lja, amelyet azzal a c\u00e9llal hoztak l\u00e9tre, hogy \u00f6szt\u00f6n\u00f6zz\u00e9k az \u00faj, egyetemi eredet\u0171, tud\u00e1sintenz\u00edv v\u00e1llalkoz\u00e1sok l\u00e9trehoz\u00e1s\u00e1t \u00e9s piacra k\u00eds\u00e9r\u00e9s\u00e9t.<\/p>\n<p><strong>3) &#8222;Science, She Says!&#8221; d\u00edj (<a href=\"https:\/\/ambbudapest.esteri.it\/wp-content\/uploads\/2023\/11\/Science-She-Says.pdf\">angol nyelv\u0171 felh\u00edv\u00e1s<\/a>)<\/strong><\/p>\n<p>a d\u00edjat, amely imm\u00e1r m\u00e1sodik alkalommal ker\u00fcl kioszt\u00e1sra, \u00f6t, 40 \u00e9v alatti, Afrik\u00e1b\u00f3l, K\u00f6zel-Keletr\u0151l, \u00c1zsi\u00e1b\u00f3l, a Csendes-\u00f3ce\u00e1ni t\u00e9rs\u00e9gb\u0151l, Eur\u00f3p\u00e1b\u00f3l, K\u00f6z\u00e9p- \u00e9s D\u00e9l-Amerik\u00e1b\u00f3l \u00e9rkez\u0151 fiatal n\u0151i kutat\u00f3 kapj\u00e1k, akiket a f\u0151bb \u00e1llami kutat\u00e1si szervezetek, az Egyetemi \u00e9s Kutat\u00e1si Miniszt\u00e9rium (MUR), az Olasz Egyetemi Rektorok Konferenci\u00e1ja CRUI, valamint a K\u00fcl\u00fcgy-\u00e9s Nemzetk\u00f6zi Egy\u00fcttm\u0171k\u00f6d\u00e9si Miniszt\u00e9rium (MAECI) k\u00e9pvisel\u0151ib\u0151l \u00e1ll\u00f3 zs\u0171ri v\u00e1laszt ki.<\/p>\n","protected":false},"excerpt":{"rendered":"A K\u00fcl\u00fcgy- \u00e9s Nemzetk\u00f6zi Egy\u00fcttm\u0171k\u00f6d\u00e9si Miniszt\u00e9rium (MAECI) a diplom\u00e1ciai-konzuli h\u00e1l\u00f3zaton kereszt\u00fcl az al\u00e1bbi p\u00e1ly\u00e1zatokat hirdeti meg a k\u00f6vetkez\u0151 d\u00edjak jel\u00f6l\u00e9s\u00e9re: &#8221; Italian Bilateral Scientific Cooperation Award&#8221;; &#8222;L&#8217;innovazione che parla italiano&#8221;; &#8222;Science, She Says!&#8221;. Magyarorsz\u00e1g tekintet\u00e9ben a p\u00e1ly\u00e1zati felh\u00edv\u00e1sok, angol \u00e9s olasz nyelven el\u00e9rhet\u0151 hirdetm\u00e9nyek, 2023. december 1-j\u00e9n jelennek meg a budapesti Olasz Nagyk\u00f6vets\u00e9g honlapj\u00e1n https:\/\/ambbudapest.esteri.it\/ [&hellip;]","protected":false},"author":4,"featured_media":2036,"comment_status":"closed","ping_status":"closed","sticky":false,"template":"","format":"standard","meta":{"footnotes":""},"tags":[9],"class_list":["post-2031","post","type-post","status-publish","format-standard","has-post-thumbnail","hentry","tag-diplomazia-scientifica"],"_links":{"self":[{"href":"https:\/\/ambbudapest.esteri.it\/hu\/wp-json\/wp\/v2\/posts\/2031","targetHints":{"allow":["GET"]}}],"collection":[{"href":"https:\/\/ambbudapest.esteri.it\/hu\/wp-json\/wp\/v2\/posts"}],"about":[{"href":"https:\/\/ambbudapest.esteri.it\/hu\/wp-json\/wp\/v2\/types\/post"}],"author":[{"embeddable":true,"href":"https:\/\/ambbudapest.esteri.it\/hu\/wp-json\/wp\/v2\/users\/4"}],"replies":[{"embeddable":true,"href":"https:\/\/ambbudapest.esteri.it\/hu\/wp-json\/wp\/v2\/comments?post=2031"}],"version-history":[{"count":1,"href":"https:\/\/ambbudapest.esteri.it\/hu\/wp-json\/wp\/v2\/posts\/2031\/revisions"}],"predecessor-version":[{"id":2033,"href":"https:\/\/ambbudapest.esteri.it\/hu\/wp-json\/wp\/v2\/posts\/2031\/revisions\/2033"}],"wp:featuredmedia":[{"embeddable":true,"href":"https:\/\/ambbudapest.esteri.it\/hu\/wp-json\/wp\/v2\/media\/2036"}],"wp:attachment":[{"href":"https:\/\/ambbudapest.esteri.it\/hu\/wp-json\/wp\/v2\/media?parent=2031"}],"wp:term":[{"taxonomy":"post_tag","embeddable":true,"href":"https:\/\/ambbudapest.esteri.it\/hu\/wp-json\/wp\/v2\/tags?post=2031"}],"curies":[{"name":"wp","href":"https:\/\/api.w.org\/{rel}","templated":true}]}}