{"id":1924,"date":"2012-07-03T12:13:27","date_gmt":"2012-07-03T10:13:27","guid":{"rendered":"https:\/\/ambbudapest.esteri.it\/news\/dall_ambasciata\/2012\/07\/calendario-delle-fiere-internazionali-in-italia-2014-2\/"},"modified":"2012-07-03T12:13:27","modified_gmt":"2012-07-03T10:13:27","slug":"calendario-delle-fiere-internazionali-in-italia-2014-2","status":"publish","type":"post","link":"https:\/\/ambbudapest.esteri.it\/hu\/news\/dall_ambasciata\/2012\/07\/calendario-delle-fiere-internazionali-in-italia-2014-2\/","title":{"rendered":"Olaszorsz\u00e1gban 2017-ban megrendez\u00e9sre ker\u00fcl\u0151 nemzetk\u00f6zi v\u00e1s\u00e1rok napt\u00e1ra\u00a0"},"content":{"rendered":"<p><a href=\"http:\/\/www.calendariofiereinternazionali.it\/fiere.asp?idc=1\">http:\/\/www.calendariofiereinternazionali.it\/fiere.asp?idc=1<\/a><\/p>\n<p><a>www.aefi.it<\/a><\/p>\n<p><a href=\"http:\/\/www.ambbudapest.esteri.it\/ambasciata_budapest\/resource\/doc\/2017\/12\/fieramilano_calendar_2018_en.pdf\">Mil\u00e1n\u00f3i V\u00e1s\u00e1rk\u00f6zpont &#8211; 2018<\/a><\/p>\n","protected":false},"excerpt":{"rendered":"http:\/\/www.calendariofiereinternazionali.it\/fiere.asp?idc=1 www.aefi.it Mil\u00e1n\u00f3i V\u00e1s\u00e1rk\u00f6zpont &#8211; 2018","protected":false},"author":1,"featured_media":0,"comment_status":"","ping_status":"","sticky":false,"template":"","format":"standard","meta":{"footnotes":""},"tags":[],"class_list":["post-1924","post","type-post","status-publish","format-standard","hentry"],"_links":{"self":[{"href":"https:\/\/ambbudapest.esteri.it\/hu\/wp-json\/wp\/v2\/posts\/1924","targetHints":{"allow":["GET"]}}],"collection":[{"href":"https:\/\/ambbudapest.esteri.it\/hu\/wp-json\/wp\/v2\/posts"}],"about":[{"href":"https:\/\/ambbudapest.esteri.it\/hu\/wp-json\/wp\/v2\/types\/post"}],"author":[{"embeddable":true,"href":"https:\/\/ambbudapest.esteri.it\/hu\/wp-json\/wp\/v2\/users\/1"}],"replies":[{"embeddable":true,"href":"https:\/\/ambbudapest.esteri.it\/hu\/wp-json\/wp\/v2\/comments?post=1924"}],"version-history":[{"count":0,"href":"https:\/\/ambbudapest.esteri.it\/hu\/wp-json\/wp\/v2\/posts\/1924\/revisions"}],"wp:attachment":[{"href":"https:\/\/ambbudapest.esteri.it\/hu\/wp-json\/wp\/v2\/media?parent=1924"}],"wp:term":[{"taxonomy":"post_tag","embeddable":true,"href":"https:\/\/ambbudapest.esteri.it\/hu\/wp-json\/wp\/v2\/tags?post=1924"}],"curies":[{"name":"wp","href":"https:\/\/api.w.org\/{rel}","templated":true}]}}