{"id":1906,"date":"2013-03-22T11:29:51","date_gmt":"2013-03-22T10:29:51","guid":{"rendered":"https:\/\/ambbudapest.esteri.it\/news\/dall_ambasciata\/2013\/03\/ora-della-terra-2013-2\/"},"modified":"2013-03-22T11:29:51","modified_gmt":"2013-03-22T10:29:51","slug":"ora-della-terra-2013-2","status":"publish","type":"post","link":"https:\/\/ambbudapest.esteri.it\/hu\/news\/dall_ambasciata\/2013\/03\/ora-della-terra-2013-2\/","title":{"rendered":"A &#8222;F\u00f6ld \u00f3r\u00e1ja&#8221; &#8211; 2013"},"content":{"rendered":"<p><DIV id=\"TitoloNews\">M\u00e1rcius 23-\u00e1n ker\u00fcl sor a WWF vil\u00e1gm\u00e9ret\u0171, &#8222;F\u00f6ld \u00f3r\u00e1ja&#8221; nev\u0171,\u00a0 a kl\u00edmav\u00e1ltoz\u00e1s ellen \u00e9s egy fenntarthat\u00f3bb \u00e9letm\u00f3d t\u00e1mogat\u00e1s\u00e1ra ir\u00e1nyul\u00f3 kezdem\u00e9nyez\u00e9s\u00e9re.<\/DIV><DIV>Az eg\u00e9sz vil\u00e1gon egy \u00f3r\u00e1ra s\u00f6t\u00e9tbe burkol\u00f3znak m\u0171eml\u00e9kek, lak\u00e1sok, irod\u00e1k \u00e9s v\u00e1rosok, hogy kifejez\u00e9sre juttass\u00e1k az \u00e1llampolg\u00e1rok, korm\u00e1nyok \u00e9s egy\u00e9b szervezetek kl\u00edmav\u00e1ltoz\u00e1s ellen folytatott harcban val\u00f3 elk\u00f6telez\u0151d\u00e9s\u00e9t. <\/DIV><br \/>\n<DIV>Olaszorsz\u00e1gban n\u00e9h\u00e1ny szimbolikus helysz\u00edne marad kivil\u00e1g\u00edt\u00e1s n\u00e9lk\u00fcl, mint p\u00e9ld\u00e1ul a Szent P\u00e9ter Bazilika kupol\u00e1ja, a Mil\u00e1n\u00f3i Scala, a velencei Szent M\u00e1rk t\u00e9r \u00e9s tov\u00e1bbi, t\u00f6bb mint sz\u00e1z v\u00e1rosban tal\u00e1lhat\u00f3 m\u0171eml\u00e9kek. <\/DIV><br \/>\n<DIV>Az olasz k\u00fcl\u00fcgyminiszt\u00e9rium is csatlakozott a kezdem\u00e9nyez\u00e9shez: m\u00e1rcius 23-\u00e1n, szombaton, 20:30-t\u00f3l 21:30-ig, kivil\u00e1g\u00edt\u00e1s n\u00e9lk\u00fcl marad a miniszt\u00e9rium \u00e9p\u00fclete. <\/DIV><br \/>\n<DIV>\u00a0<\/DIV><\/p>\n","protected":false},"excerpt":{"rendered":"M\u00e1rcius 23-\u00e1n ker\u00fcl sor a WWF vil\u00e1gm\u00e9ret\u0171, &#8222;F\u00f6ld \u00f3r\u00e1ja&#8221; nev\u0171,\u00a0 a kl\u00edmav\u00e1ltoz\u00e1s ellen \u00e9s egy fenntarthat\u00f3bb \u00e9letm\u00f3d t\u00e1mogat\u00e1s\u00e1ra ir\u00e1nyul\u00f3 kezdem\u00e9nyez\u00e9s\u00e9re.Az eg\u00e9sz vil\u00e1gon egy \u00f3r\u00e1ra s\u00f6t\u00e9tbe burkol\u00f3znak m\u0171eml\u00e9kek, lak\u00e1sok, irod\u00e1k \u00e9s v\u00e1rosok, hogy kifejez\u00e9sre juttass\u00e1k az \u00e1llampolg\u00e1rok, korm\u00e1nyok \u00e9s egy\u00e9b szervezetek kl\u00edmav\u00e1ltoz\u00e1s ellen folytatott harcban val\u00f3 elk\u00f6telez\u0151d\u00e9s\u00e9t. Olaszorsz\u00e1gban n\u00e9h\u00e1ny szimbolikus helysz\u00edne marad kivil\u00e1g\u00edt\u00e1s n\u00e9lk\u00fcl, mint p\u00e9ld\u00e1ul [&hellip;]","protected":false},"author":1,"featured_media":0,"comment_status":"","ping_status":"","sticky":false,"template":"","format":"standard","meta":{"footnotes":""},"tags":[],"class_list":["post-1906","post","type-post","status-publish","format-standard","hentry"],"_links":{"self":[{"href":"https:\/\/ambbudapest.esteri.it\/hu\/wp-json\/wp\/v2\/posts\/1906","targetHints":{"allow":["GET"]}}],"collection":[{"href":"https:\/\/ambbudapest.esteri.it\/hu\/wp-json\/wp\/v2\/posts"}],"about":[{"href":"https:\/\/ambbudapest.esteri.it\/hu\/wp-json\/wp\/v2\/types\/post"}],"author":[{"embeddable":true,"href":"https:\/\/ambbudapest.esteri.it\/hu\/wp-json\/wp\/v2\/users\/1"}],"replies":[{"embeddable":true,"href":"https:\/\/ambbudapest.esteri.it\/hu\/wp-json\/wp\/v2\/comments?post=1906"}],"version-history":[{"count":0,"href":"https:\/\/ambbudapest.esteri.it\/hu\/wp-json\/wp\/v2\/posts\/1906\/revisions"}],"wp:attachment":[{"href":"https:\/\/ambbudapest.esteri.it\/hu\/wp-json\/wp\/v2\/media?parent=1906"}],"wp:term":[{"taxonomy":"post_tag","embeddable":true,"href":"https:\/\/ambbudapest.esteri.it\/hu\/wp-json\/wp\/v2\/tags?post=1906"}],"curies":[{"name":"wp","href":"https:\/\/api.w.org\/{rel}","templated":true}]}}