{"id":1900,"date":"2013-03-22T12:54:01","date_gmt":"2013-03-22T11:54:01","guid":{"rendered":"https:\/\/ambbudapest.esteri.it\/news\/dall_ambasciata\/2013\/03\/comunicato-per-le-parti-offese-nel-procedimento-relativo-al-naufragio-della-nave-costa-concordia-2\/"},"modified":"2013-03-22T12:54:01","modified_gmt":"2013-03-22T11:54:01","slug":"comunicato-per-le-parti-offese-nel-procedimento-relativo-al-naufragio-della-nave-costa-concordia-2","status":"publish","type":"post","link":"https:\/\/ambbudapest.esteri.it\/hu\/news\/dall_ambasciata\/2013\/03\/comunicato-per-le-parti-offese-nel-procedimento-relativo-al-naufragio-della-nave-costa-concordia-2\/","title":{"rendered":"K\u00f6zlem\u00e9ny a Costa Concordia haj\u00f3t\u00f6r\u00e9s\u00e9re vonatkoz\u00f3 elj\u00e1r\u00e1sban s\u00e9rtett felek sz\u00e1m\u00e1ra"},"content":{"rendered":"<p><P align=\"center\">(nem hivatalos ford\u00edt\u00e1s)<BR>GROSSETOI B\u00cdR\u00d3S\u00c1G<BR>Vizsg\u00e1l\u00f3b\u00edr\u00f3i hivatal<BR>K\u00d6ZLEM\u00c9NY<\/P><P align=\"left\"><BR>A grosset\u00f3i \u00fcgy\u00e9szs\u00e9g lez\u00e1rta a Costa Concordia haj\u00f3t\u00f6r\u00e9s\u00e9re ir\u00e1nyul\u00f3 vizsg\u00e1latokat \u00e9s a k\u00f6vetkez\u0151 szem\u00e9lyek v\u00e1d al\u00e1 helyez\u00e9s\u00e9t k\u00e9ri:<BR>&#8211;\u00a0Francesco SCHETTINO<BR>&#8211;\u00a0Ciro AMBROSIO,<BR>&#8211;\u00a0Silvia CORONICA<BR>&#8211;\u00a0Roberto FERRARINI<BR>&#8211;\u00a0Jacob RUSLI BIN<BR>&#8211;\u00a0Manrico GIAMPEDRONI<BR>A vel\u00fck szembeni v\u00e1d \u00e9s a s\u00e9rtett szem\u00e9lyek n\u00e9vsora a grosset\u00f3i b\u00edr\u00f3s\u00e1gon rendelkez\u00e9sre \u00e1llnak; a v\u00e1dirat\u00a0 kivonatosan a grossetoi b\u00edr\u00f3s\u00e1g honlapj\u00e1n (<A href=\"http:\/\/www.tribunale.grosseto.it\">www.tribunale.grosseto.it<\/A>) el\u00e9rhet\u0151. <BR>A grossetoi b\u00edr\u00f3s\u00e1g az el\u0151zetes t\u00e1rgyal\u00e1st 2013. \u00e1prilis 15. 9 \u00f3ra 30 percre \u00e9s az azt k\u00f6vet\u0151 napokra t\u0171zte ki a Grosseto\u00a0 Via Tripoli 33\/35 sz. alatt tal\u00e1lhat\u00f3 Teatro Modernoba. <BR><\/P><\/p>\n","protected":false},"excerpt":{"rendered":"(nem hivatalos ford\u00edt\u00e1s)GROSSETOI B\u00cdR\u00d3S\u00c1GVizsg\u00e1l\u00f3b\u00edr\u00f3i hivatalK\u00d6ZLEM\u00c9NYA grosset\u00f3i \u00fcgy\u00e9szs\u00e9g lez\u00e1rta a Costa Concordia haj\u00f3t\u00f6r\u00e9s\u00e9re ir\u00e1nyul\u00f3 vizsg\u00e1latokat \u00e9s a k\u00f6vetkez\u0151 szem\u00e9lyek v\u00e1d al\u00e1 helyez\u00e9s\u00e9t k\u00e9ri:&#8211;\u00a0Francesco SCHETTINO&#8211;\u00a0Ciro AMBROSIO,&#8211;\u00a0Silvia CORONICA&#8211;\u00a0Roberto FERRARINI&#8211;\u00a0Jacob RUSLI BIN&#8211;\u00a0Manrico GIAMPEDRONIA vel\u00fck szembeni v\u00e1d \u00e9s a s\u00e9rtett szem\u00e9lyek n\u00e9vsora a grosset\u00f3i b\u00edr\u00f3s\u00e1gon rendelkez\u00e9sre \u00e1llnak; a v\u00e1dirat\u00a0 kivonatosan a grossetoi b\u00edr\u00f3s\u00e1g honlapj\u00e1n (www.tribunale.grosseto.it) el\u00e9rhet\u0151. A grossetoi b\u00edr\u00f3s\u00e1g az [&hellip;]","protected":false},"author":1,"featured_media":0,"comment_status":"","ping_status":"","sticky":false,"template":"","format":"standard","meta":{"footnotes":""},"tags":[],"class_list":["post-1900","post","type-post","status-publish","format-standard","hentry"],"_links":{"self":[{"href":"https:\/\/ambbudapest.esteri.it\/hu\/wp-json\/wp\/v2\/posts\/1900","targetHints":{"allow":["GET"]}}],"collection":[{"href":"https:\/\/ambbudapest.esteri.it\/hu\/wp-json\/wp\/v2\/posts"}],"about":[{"href":"https:\/\/ambbudapest.esteri.it\/hu\/wp-json\/wp\/v2\/types\/post"}],"author":[{"embeddable":true,"href":"https:\/\/ambbudapest.esteri.it\/hu\/wp-json\/wp\/v2\/users\/1"}],"replies":[{"embeddable":true,"href":"https:\/\/ambbudapest.esteri.it\/hu\/wp-json\/wp\/v2\/comments?post=1900"}],"version-history":[{"count":0,"href":"https:\/\/ambbudapest.esteri.it\/hu\/wp-json\/wp\/v2\/posts\/1900\/revisions"}],"wp:attachment":[{"href":"https:\/\/ambbudapest.esteri.it\/hu\/wp-json\/wp\/v2\/media?parent=1900"}],"wp:term":[{"taxonomy":"post_tag","embeddable":true,"href":"https:\/\/ambbudapest.esteri.it\/hu\/wp-json\/wp\/v2\/tags?post=1900"}],"curies":[{"name":"wp","href":"https:\/\/api.w.org\/{rel}","templated":true}]}}