{"id":1892,"date":"2013-04-02T13:12:36","date_gmt":"2013-04-02T11:12:36","guid":{"rendered":"https:\/\/ambbudapest.esteri.it\/news\/dall_ambasciata\/2013\/04\/bionica-2\/"},"modified":"2013-04-02T13:12:36","modified_gmt":"2013-04-02T11:12:36","slug":"bionica-2","status":"publish","type":"post","link":"https:\/\/ambbudapest.esteri.it\/hu\/news\/dall_ambasciata\/2013\/04\/bionica-2\/","title":{"rendered":"2013-as olasz-magyar kultur\u00e1lis \u00e9vad"},"content":{"rendered":"<p><P>A 2013-as olasz-magyar kultur\u00e1lis \u00e9vad keret\u00e9ben megval\u00f3sul\u00f3 kezdem\u00e9nyez\u00e9sek k\u00f6z\u00fcl szeretn\u00e9nk felh\u00edvni a figyelmet a torin\u00f3i Politecnico, a budapesti P\u00e1zm\u00e1ny P\u00e9ter Egyetem \u00e9s a Magyar Tudom\u00e1nyos Akad\u00e9mia k\u00f6z\u00f6s szervez\u00e9s\u00e9ben megval\u00f3sul\u00f3\u00a0<EM>&#8222;Bionika &#8211; \u00faj ir\u00e1ny az inform\u00e1ci\u00f3-technol\u00f3gia, a biotechnol\u00f3gia \u00e9s a nanotechnol\u00f3gi\u00e1k hat\u00e1r\u00e1n&#8221; <\/EM>c\u00edm\u0171 szemin\u00e1riumra, amelyre 2013. \u00e1prilis 24-\u00e9n a torin\u00f3i Politecnco Aula Magn\u00e1j\u00e1ban ker\u00fcl sor. <BR><BR><A href=\"\/resource\/2013\/04\/66042_f_amb61April24_Torino_magyar.pdf\"><STRONG><EM>Bionika &#8211; \u00faj ir\u00e1ny az inform\u00e1ci\u00f3-technol\u00f3gia, a biotechnol\u00f3gia \u00e9s a nanotechnol\u00f3gi\u00e1k hat\u00e1r\u00e1n<\/EM><\/STRONG><\/A><\/P><\/p>\n","protected":false},"excerpt":{"rendered":"A 2013-as olasz-magyar kultur\u00e1lis \u00e9vad keret\u00e9ben megval\u00f3sul\u00f3 kezdem\u00e9nyez\u00e9sek k\u00f6z\u00fcl szeretn\u00e9nk felh\u00edvni a figyelmet a torin\u00f3i Politecnico, a budapesti P\u00e1zm\u00e1ny P\u00e9ter Egyetem \u00e9s a Magyar Tudom\u00e1nyos Akad\u00e9mia k\u00f6z\u00f6s szervez\u00e9s\u00e9ben megval\u00f3sul\u00f3\u00a0&#8222;Bionika &#8211; \u00faj ir\u00e1ny az inform\u00e1ci\u00f3-technol\u00f3gia, a biotechnol\u00f3gia \u00e9s a nanotechnol\u00f3gi\u00e1k hat\u00e1r\u00e1n&#8221; c\u00edm\u0171 szemin\u00e1riumra, amelyre 2013. \u00e1prilis 24-\u00e9n a torin\u00f3i Politecnco Aula Magn\u00e1j\u00e1ban ker\u00fcl sor. Bionika &#8211; [&hellip;]","protected":false},"author":1,"featured_media":0,"comment_status":"","ping_status":"","sticky":false,"template":"","format":"standard","meta":{"footnotes":""},"tags":[],"class_list":["post-1892","post","type-post","status-publish","format-standard","hentry"],"_links":{"self":[{"href":"https:\/\/ambbudapest.esteri.it\/hu\/wp-json\/wp\/v2\/posts\/1892","targetHints":{"allow":["GET"]}}],"collection":[{"href":"https:\/\/ambbudapest.esteri.it\/hu\/wp-json\/wp\/v2\/posts"}],"about":[{"href":"https:\/\/ambbudapest.esteri.it\/hu\/wp-json\/wp\/v2\/types\/post"}],"author":[{"embeddable":true,"href":"https:\/\/ambbudapest.esteri.it\/hu\/wp-json\/wp\/v2\/users\/1"}],"replies":[{"embeddable":true,"href":"https:\/\/ambbudapest.esteri.it\/hu\/wp-json\/wp\/v2\/comments?post=1892"}],"version-history":[{"count":0,"href":"https:\/\/ambbudapest.esteri.it\/hu\/wp-json\/wp\/v2\/posts\/1892\/revisions"}],"wp:attachment":[{"href":"https:\/\/ambbudapest.esteri.it\/hu\/wp-json\/wp\/v2\/media?parent=1892"}],"wp:term":[{"taxonomy":"post_tag","embeddable":true,"href":"https:\/\/ambbudapest.esteri.it\/hu\/wp-json\/wp\/v2\/tags?post=1892"}],"curies":[{"name":"wp","href":"https:\/\/api.w.org\/{rel}","templated":true}]}}