{"id":1886,"date":"2013-04-11T09:13:09","date_gmt":"2013-04-11T07:13:09","guid":{"rendered":"https:\/\/ambbudapest.esteri.it\/news\/dall_ambasciata\/2013\/04\/tavola-rotonda-su-scienza-e-diplomazia-2\/"},"modified":"2013-04-11T09:13:09","modified_gmt":"2013-04-11T07:13:09","slug":"tavola-rotonda-su-scienza-e-diplomazia-2","status":"publish","type":"post","link":"https:\/\/ambbudapest.esteri.it\/hu\/news\/dall_ambasciata\/2013\/04\/tavola-rotonda-su-scienza-e-diplomazia-2\/","title":{"rendered":"Tudom\u00e1ny \u00e9s diplom\u00e1cia\u00a0kerekasztal-besz\u00e9lget\u00e9s"},"content":{"rendered":"<p><DIV>\u00c1prilis 8-\u00e1n h\u00e9tf\u0151n az Olasz Kult\u00farint\u00e9zet Fellini term\u00e9ben ker\u00fclt sor a &#8222;Science and Diplomacy: Central Europe and Southern Mediterranean-Sharing experiences in the framework of the 2013 Italo-Hungarian International Year of Culture and Science\u201d c\u00edm\u0171 kerekasztal-besz\u00e9lget\u00e9sre.<BR>Az Olasz-Magyar Kultur\u00e1lis \u00c9vad kezdem\u00e9nyez\u00e9sei r\u00e9sz\u00e9t k\u00e9pez\u0151 esem\u00e9nyt a Budapesti Olasz Nagyk\u00f6vets\u00e9ggel \u00e9s Kult\u00farint\u00e9zettel egy\u00fcttm\u0171k\u00f6dve a Magyar Tudom\u00e1nyos Akad\u00e9mia \u00e9s a trieszti TWAS (Fejl\u0151d\u0151 Orsz\u00e1gok Tudom\u00e1nyos Akad\u00e9mi\u00e1ja) szervezte.<\/DIV><DIV>A konferencia a tudom\u00e1nyos fejl\u0151d\u00e9s a v\u00e1ls\u00e1gban k\u00e9rd\u00e9se megvitat\u00e1s\u00e1nak elind\u00edt\u00e1s\u00e1t t\u0171zte ki c\u00e9lul, kiemelve a nemzetk\u00f6zi tudom\u00e1nyos egy\u00fcttm\u0171k\u00f6d\u00e9s \u00e9s a diplom\u00e1cia\u00a0a nemzeti kutat\u00e1s, innov\u00e1ci\u00f3 meger\u0151s\u00edt\u00e9s\u00e9ben, a tudom\u00e1ny ir\u00e1ny\u00edt\u00e1s\u00e1nak jav\u00edt\u00e1s\u00e1ban, valamint a n\u0151ket a tudom\u00e1ny \u00e9s politika ter\u00e9n vezet\u0151 poz\u00edci\u00f3k el\u00e9r\u00e9s\u00e9t g\u00e1tl\u00f3 akad\u00e1lyok lebont\u00e1s\u00e1ban bet\u00f6lt\u00f6tt szerep\u00e9nek fontoss\u00e1g\u00e1t. <BR>A Maria Assunta Accili nagyk\u00f6vet, P\u00e1link\u00e1s J\u00f3zsef, MTA-eln\u00f6k \u00e9s Gina Gianotti, az IIC igazgat\u00f3n\u0151je \u00e1ltal megnyitott konferenci\u00e1n jeles szem\u00e9lyek sz\u00f3laltak fel, t\u00f6bbek k\u00f6z\u00f6tt Pr\u0151hle Gergely, a magyar K\u00fcl\u00fcgyminiszt\u00e9rium <SPAN class=\"st\">EU k\u00e9toldal\u00fa kapcsolatok\u00e9rt felel\u0151s helyettes \u00e1llamtitk\u00e1ra \u00e9s Bogyay Katalin, az UNESCO k\u00f6zgy\u0171l\u00e9s\u00e9nek eln\u00f6ke \u00e9s Magyarorsz\u00e1g UNESCO nagyk\u00f6vete. <\/SPAN><\/DIV><br \/>\n<DIV>\u00a0<\/DIV><br \/>\n<DIV>\u00a0<\/DIV><\/p>\n","protected":false},"excerpt":{"rendered":"\u00c1prilis 8-\u00e1n h\u00e9tf\u0151n az Olasz Kult\u00farint\u00e9zet Fellini term\u00e9ben ker\u00fclt sor a &#8222;Science and Diplomacy: Central Europe and Southern Mediterranean-Sharing experiences in the framework of the 2013 Italo-Hungarian International Year of Culture and Science\u201d c\u00edm\u0171 kerekasztal-besz\u00e9lget\u00e9sre.Az Olasz-Magyar Kultur\u00e1lis \u00c9vad kezdem\u00e9nyez\u00e9sei r\u00e9sz\u00e9t k\u00e9pez\u0151 esem\u00e9nyt a Budapesti Olasz Nagyk\u00f6vets\u00e9ggel \u00e9s Kult\u00farint\u00e9zettel egy\u00fcttm\u0171k\u00f6dve a Magyar Tudom\u00e1nyos Akad\u00e9mia \u00e9s a [&hellip;]","protected":false},"author":1,"featured_media":0,"comment_status":"","ping_status":"","sticky":false,"template":"","format":"standard","meta":{"footnotes":""},"tags":[],"class_list":["post-1886","post","type-post","status-publish","format-standard","hentry"],"_links":{"self":[{"href":"https:\/\/ambbudapest.esteri.it\/hu\/wp-json\/wp\/v2\/posts\/1886","targetHints":{"allow":["GET"]}}],"collection":[{"href":"https:\/\/ambbudapest.esteri.it\/hu\/wp-json\/wp\/v2\/posts"}],"about":[{"href":"https:\/\/ambbudapest.esteri.it\/hu\/wp-json\/wp\/v2\/types\/post"}],"author":[{"embeddable":true,"href":"https:\/\/ambbudapest.esteri.it\/hu\/wp-json\/wp\/v2\/users\/1"}],"replies":[{"embeddable":true,"href":"https:\/\/ambbudapest.esteri.it\/hu\/wp-json\/wp\/v2\/comments?post=1886"}],"version-history":[{"count":0,"href":"https:\/\/ambbudapest.esteri.it\/hu\/wp-json\/wp\/v2\/posts\/1886\/revisions"}],"wp:attachment":[{"href":"https:\/\/ambbudapest.esteri.it\/hu\/wp-json\/wp\/v2\/media?parent=1886"}],"wp:term":[{"taxonomy":"post_tag","embeddable":true,"href":"https:\/\/ambbudapest.esteri.it\/hu\/wp-json\/wp\/v2\/tags?post=1886"}],"curies":[{"name":"wp","href":"https:\/\/api.w.org\/{rel}","templated":true}]}}