{"id":1866,"date":"2013-05-22T10:11:02","date_gmt":"2013-05-22T08:11:02","guid":{"rendered":"https:\/\/ambbudapest.esteri.it\/news\/dall_ambasciata\/2013\/05\/corsi-del-centro-sperimentale-di-cinematografia-2014-2016-2\/"},"modified":"2013-05-22T10:11:02","modified_gmt":"2013-05-22T08:11:02","slug":"corsi-del-centro-sperimentale-di-cinematografia-2014-2016-2","status":"publish","type":"post","link":"https:\/\/ambbudapest.esteri.it\/hu\/news\/dall_ambasciata\/2013\/05\/corsi-del-centro-sperimentale-di-cinematografia-2014-2016-2\/","title":{"rendered":"P\u00c1LY\u00c1ZATI FELH\u00cdV\u00c1S A CENTRO SPERIMENTALE DI CINEMATOGRAFIA (FILMM\u0170V\u00c9SZETI K\u00cdS\u00c9RLETI K\u00d6ZPONT) H\u00c1ROM\u00c9VES (2014-2016) KURZUSAIRA"},"content":{"rendered":"<p><P>A Centro Sperimentale di Cinematografia (Filmm\u0171v\u00e9szeti k\u00eds\u00e9rleti k\u00f6zpont)\u00a0ki\u00edrta \u00faj, a 2014-2016-os h\u00e1rom\u00e9ves id\u0151szakra vonatkoz\u00f3 p\u00e1ly\u00e1zati felh\u00edv\u00e1s\u00e1t. Jelentkezni lehet 2013. j\u00falius 22-ig. A p\u00e1ly\u00e1zat r\u00e9szleteire vonatkoz\u00f3 inform\u00e1ci\u00f3k el\u00e9rhet\u0151ek a <A href=\"http:\/\/www.fondazionecsc.it\">www.fondazionecsc.it<\/A> honlapon. <BR><BR><\/P><P><A href=\"www.fondazionecsc.it\"><IMG style=\"WIDTH: 310px; HEIGHT: 274px\" border=\"0\" alt=\"Corso 1\" src=\"\/resource\/2013\/05\/67584_f_amb61cartolinainglese3.jpg\" width=\"749\" height=\"540\"><\/A>\u00a0\u00a0 <A href=\"\/www.fondazionecsc.it\"><IMG style=\"WIDTH: 393px; HEIGHT: 273px\" border=\"0\" alt=\"Corso 2\" src=\"\/resource\/2013\/05\/67585_f_amb61cartolinaingleseretro.jpg\" width=\"1004\" height=\"698\"><\/A><\/P><br \/>\n<P>\u00a0<\/P><\/p>\n","protected":false},"excerpt":{"rendered":"A Centro Sperimentale di Cinematografia (Filmm\u0171v\u00e9szeti k\u00eds\u00e9rleti k\u00f6zpont)\u00a0ki\u00edrta \u00faj, a 2014-2016-os h\u00e1rom\u00e9ves id\u0151szakra vonatkoz\u00f3 p\u00e1ly\u00e1zati felh\u00edv\u00e1s\u00e1t. Jelentkezni lehet 2013. j\u00falius 22-ig. A p\u00e1ly\u00e1zat r\u00e9szleteire vonatkoz\u00f3 inform\u00e1ci\u00f3k el\u00e9rhet\u0151ek a www.fondazionecsc.it honlapon. \u00a0\u00a0 \u00a0","protected":false},"author":1,"featured_media":0,"comment_status":"","ping_status":"","sticky":false,"template":"","format":"standard","meta":{"footnotes":""},"tags":[],"class_list":["post-1866","post","type-post","status-publish","format-standard","hentry"],"_links":{"self":[{"href":"https:\/\/ambbudapest.esteri.it\/hu\/wp-json\/wp\/v2\/posts\/1866","targetHints":{"allow":["GET"]}}],"collection":[{"href":"https:\/\/ambbudapest.esteri.it\/hu\/wp-json\/wp\/v2\/posts"}],"about":[{"href":"https:\/\/ambbudapest.esteri.it\/hu\/wp-json\/wp\/v2\/types\/post"}],"author":[{"embeddable":true,"href":"https:\/\/ambbudapest.esteri.it\/hu\/wp-json\/wp\/v2\/users\/1"}],"replies":[{"embeddable":true,"href":"https:\/\/ambbudapest.esteri.it\/hu\/wp-json\/wp\/v2\/comments?post=1866"}],"version-history":[{"count":0,"href":"https:\/\/ambbudapest.esteri.it\/hu\/wp-json\/wp\/v2\/posts\/1866\/revisions"}],"wp:attachment":[{"href":"https:\/\/ambbudapest.esteri.it\/hu\/wp-json\/wp\/v2\/media?parent=1866"}],"wp:term":[{"taxonomy":"post_tag","embeddable":true,"href":"https:\/\/ambbudapest.esteri.it\/hu\/wp-json\/wp\/v2\/tags?post=1866"}],"curies":[{"name":"wp","href":"https:\/\/api.w.org\/{rel}","templated":true}]}}